{"id":1466,"date":"2012-01-24T16:10:11","date_gmt":"2012-01-24T18:10:11","guid":{"rendered":"http:\/\/catolicanet.net\/wp-cnet\/24-de-janeiro-dia-de-sao-francisco-de-sales-padroeiro-dos-jornalistas\/"},"modified":"2017-03-20T13:53:38","modified_gmt":"2017-03-20T16:53:38","slug":"24-de-janeiro-dia-de-sao-francisco-de-sales-padroeiro-dos-jornalistas","status":"publish","type":"post","link":"https:\/\/catolicanet.net\/wp-cnet\/24-de-janeiro-dia-de-sao-francisco-de-sales-padroeiro-dos-jornalistas\/","title":{"rendered":"24 de Janeiro Dia de S\u00e3o Francisco de Sales Padroeiro dos Jornalistas"},"content":{"rendered":"<p style=\"text-align: center;\"><strong><img decoding=\"async\" src=\"images\/stories\/saofranciscodesales.jpg.png\" border=\"0\" align=\"left\" \/><\/p>\n<p>&#8220;N\u00e3o nos devemos pertubar \u00e0 vista de nossas imperfei\u00e7\u00f5es, <br \/>porque a luta contra elas n\u00e3o pode nem deve acabar <br \/>antes de nossa morte. <br \/>A nossa perfei\u00e7\u00e3o consiste em combat\u00ea-las.&#8221;<\/strong><\/p>\n","protected":false},"excerpt":{"rendered":"<p>&#8220;N\u00e3o nos devemos pertubar \u00e0 vista de nossas imperfei\u00e7\u00f5es, porque a luta contra elas n\u00e3o pode nem deve acabar antes de nossa morte. A nossa perfei\u00e7\u00e3o consiste em combat\u00ea-las.&#8221;<\/p>\n","protected":false},"author":1,"featured_media":1465,"comment_status":"closed","ping_status":"closed","sticky":false,"template":"","format":"standard","meta":{"footnotes":""},"categories":[4],"tags":[],"class_list":["post-1466","post","type-post","status-publish","format-standard","has-post-thumbnail","hentry","category-cotidiano"],"_links":{"self":[{"href":"https:\/\/catolicanet.net\/wp-cnet\/wp-json\/wp\/v2\/posts\/1466","targetHints":{"allow":["GET"]}}],"collection":[{"href":"https:\/\/catolicanet.net\/wp-cnet\/wp-json\/wp\/v2\/posts"}],"about":[{"href":"https:\/\/catolicanet.net\/wp-cnet\/wp-json\/wp\/v2\/types\/post"}],"author":[{"embeddable":true,"href":"https:\/\/catolicanet.net\/wp-cnet\/wp-json\/wp\/v2\/users\/1"}],"replies":[{"embeddable":true,"href":"https:\/\/catolicanet.net\/wp-cnet\/wp-json\/wp\/v2\/comments?post=1466"}],"version-history":[{"count":1,"href":"https:\/\/catolicanet.net\/wp-cnet\/wp-json\/wp\/v2\/posts\/1466\/revisions"}],"predecessor-version":[{"id":6700,"href":"https:\/\/catolicanet.net\/wp-cnet\/wp-json\/wp\/v2\/posts\/1466\/revisions\/6700"}],"wp:featuredmedia":[{"embeddable":true,"href":"https:\/\/catolicanet.net\/wp-cnet\/wp-json\/wp\/v2\/media\/1465"}],"wp:attachment":[{"href":"https:\/\/catolicanet.net\/wp-cnet\/wp-json\/wp\/v2\/media?parent=1466"}],"wp:term":[{"taxonomy":"category","embeddable":true,"href":"https:\/\/catolicanet.net\/wp-cnet\/wp-json\/wp\/v2\/categories?post=1466"},{"taxonomy":"post_tag","embeddable":true,"href":"https:\/\/catolicanet.net\/wp-cnet\/wp-json\/wp\/v2\/tags?post=1466"}],"curies":[{"name":"wp","href":"https:\/\/api.w.org\/{rel}","templated":true}]}}