{"id":14657,"date":"2016-05-20T13:26:05","date_gmt":"2016-05-20T16:26:05","guid":{"rendered":"http:\/\/catolicanet.net\/wp-cnet\/2016\/05\/20\/polonia-celebra-canonizacao-do-fundador-dos-padres-marianos\/"},"modified":"2017-06-02T13:56:11","modified_gmt":"2017-06-02T16:56:11","slug":"polonia-celebra-canonizacao-do-fundador-dos-padres-marianos","status":"publish","type":"post","link":"https:\/\/catolicanet.net\/wp-cnet\/polonia-celebra-canonizacao-do-fundador-dos-padres-marianos\/","title":{"rendered":"Pol\u00f4nia celebra canoniza\u00e7\u00e3o do fundador dos Padres Marianos"},"content":{"rendered":"<p style=\"text-align: justify;\"><img decoding=\"async\" src=\"http:\/\/catolicanet.com.br\/images\/stories\/noticias\/rv14110_articolo.jpg\" border=\"0\" align=\"left\" \/>\u201cEstamos esperando este momento h\u00e1 300 anos\u201d, disse o Padre Wojciech Sk\u00f3ra, da igreja da Divina Provid\u00eancia do Monte Calv\u00e1rio, onde se encontram os restos mortais do Beato Stanislaw Papczynskiego, fundador dos Padre Marianos, que ser\u00e1 declarado oficialmente Santo no pr\u00f3ximo dia 5 de junho.<\/p>\n<p>A Ordem dos Cl\u00e9rigos Marianos da Imaculada Virgem Maria \u00e9 a primeira Ordem religiosa fundada na Pol\u00f4nia e sobreviveu a not\u00e1veis dificuldades.<\/p>\n<p>Segundo informou a ag\u00eancia cat\u00f3lica KAI, a Congrega\u00e7\u00e3o dos Marianos tem uma longa lista de perdas materiais e humanas, mas tem conservado sua espiritualidade apesar das adversidades e destrui\u00e7\u00e3o.<\/p>\n<p>\u201cSua exist\u00eancia foi amea\u00e7ada devido \u00e0 crise, \u00e0s divis\u00f5es, \u00e0s guerras, \u00e0 ocupa\u00e7\u00e3o e ao comunismo, o que atrasou significativamente a canoniza\u00e7\u00e3o do fundador\u201d, disse Alina Petrov-Wasilewicz \u00e0 ag\u00eancia.<\/p>\n<p>Santo confessor<\/p>\n<p>O Beato Stanislaw Papczynskiego, ou Estanislau de Jesus e Maria, foi um religioso Escul\u00e1pio com grande fama de pregador e promotor do Sacramento da Penit\u00eancia. Durante seu apostolado, se dedicou \u00e0 reforma de sua Ordem e buscou o estrito cumprimento da Regra.<\/p>\n<p>Devido a uma divis\u00e3o no interior da comunidade se viu for\u00e7ado a retirar-se da mesma em 1670, fundando em seguida uma Ordem de eremitas dedicados \u00e0 propaga\u00e7\u00e3o do culto da Virgem Maria e do dogma da Imaculada Concei\u00e7\u00e3o (que n\u00e3o tinha sido ainda proclamado).<\/p>\n<p>Edificou uma pequena capela de madeira e come\u00e7ou um intenso trabalho de apostolado nas comunidades rurais.<\/p>\n<p>O futuro Santo experimentou numerosas vis\u00f5es das almas do purgat\u00f3rio, e afirmava: \u201cIrm\u00e3os, rezem pelas pobres Almas do Purgat\u00f3rio, porque seus sofrimentos s\u00e3o insuport\u00e1veis\u201d.<\/p>\n<p>Da mesma maneira declarou guerra contra o abuso do \u00e1lcool, um mal muito presente em seu tempo. Aos membros de sua comunidade, proibiu o consumo da popular vodca, causadora deste mal: \u201cO uso da vodca est\u00e1 proibido estritamente, tanto em casa como fora dela, sob a perda da b\u00ean\u00e7\u00e3o divina\u201d, determinou. \u201cIsto \u00e9 para honrar a sede de Nosso Senhor na Cruz\u201d.<\/p>\n<p>Reconhecimento<\/p>\n<p>Para obter a aprova\u00e7\u00e3o can\u00f4nica, o fundador teve que assumir uma Regra j\u00e1 existente e desenvolver seu apostolado em par\u00f3quias constitu\u00eddas. Cumprindo estes requerimentos, obteve a aprova\u00e7\u00e3o Pontif\u00edcia em 1699, recebendo a Regra da Ordem da Anuncia\u00e7\u00e3o da Virgem Maria, uma comunidade feminina franciscana, o que fez com que os religiosos fossem agregados \u00e0 Ordem dos Frades Menores.<\/p>\n<p>O Beato Estanislau faleceu dois anos depois, e somente alguns meses depois professaram votos os primeiros religiosos da Ordem.<\/p>\n<p>A Ordem continuou crescendo e se expandiu pela Pol\u00f4nia e Litu\u00e2nia, assim como obteve a cust\u00f3dia da igreja dos Santos Vito e Modesto em Roma.<\/p>\n<p>Em 1787 se reconheceu como uma realidade independente da comunidade franciscana e se anulou a agrega\u00e7\u00e3o \u00e0 Ordem dos Frades Menores.<\/p>\n<p>No entanto, novas dificuldades aguardavam a comunidade, que padeceu o confisco da maior parte de seus bens por parte do Czar da R\u00fassia. Em 1867 s\u00f3 restavam 24 religiosos, em 1897 s\u00f3 tr\u00eas e, finalmente, um em 1908.<\/p>\n<p>Para evitar o desaparecimento da Congrega\u00e7\u00e3o, o Beato Jurgis Matulaitis, ent\u00e3o sacerdote e professor da Academia Teol\u00f3gica, pediu que se permitisse ingressar na Ordem sem completar o noviciado e poder usar o h\u00e1bito preto dos sacerdotes seculares.<\/p>\n<p>O Beato restaurou a comunidade que ainda teve que enfrentar a censura russa e a persegui\u00e7\u00e3o por parte do regime nazista e a Uni\u00e3o Sovi\u00e9tica.<\/p>\n<p style=\"text-align: justify;\">\u00a0<\/p>\n<p style=\"text-align: justify;\">Fonte: R\u00e1dio Vaticano<\/p>\n","protected":false},"excerpt":{"rendered":"<p>\u201cEstamos esperando este momento h\u00e1 300 anos\u201d, disse o Padre Wojciech Sk\u00f3ra, da igreja da Divina Provid\u00eancia do Monte Calv\u00e1rio, onde se encontram os restos mortais do Beato Stanislaw Papczynskiego, fundador dos Padre Marianos, que ser\u00e1 declarado oficialmente Santo no pr\u00f3ximo dia 5 de junho. A Ordem dos Cl\u00e9rigos Marianos da Imaculada Virgem Maria \u00e9 [&hellip;]<\/p>\n","protected":false},"author":1,"featured_media":0,"comment_status":"open","ping_status":"open","sticky":false,"template":"","format":"standard","meta":{"footnotes":""},"categories":[3],"tags":[],"class_list":["post-14657","post","type-post","status-publish","format-standard","hentry","category-vaticano"],"_links":{"self":[{"href":"https:\/\/catolicanet.net\/wp-cnet\/wp-json\/wp\/v2\/posts\/14657","targetHints":{"allow":["GET"]}}],"collection":[{"href":"https:\/\/catolicanet.net\/wp-cnet\/wp-json\/wp\/v2\/posts"}],"about":[{"href":"https:\/\/catolicanet.net\/wp-cnet\/wp-json\/wp\/v2\/types\/post"}],"author":[{"embeddable":true,"href":"https:\/\/catolicanet.net\/wp-cnet\/wp-json\/wp\/v2\/users\/1"}],"replies":[{"embeddable":true,"href":"https:\/\/catolicanet.net\/wp-cnet\/wp-json\/wp\/v2\/comments?post=14657"}],"version-history":[{"count":1,"href":"https:\/\/catolicanet.net\/wp-cnet\/wp-json\/wp\/v2\/posts\/14657\/revisions"}],"predecessor-version":[{"id":28558,"href":"https:\/\/catolicanet.net\/wp-cnet\/wp-json\/wp\/v2\/posts\/14657\/revisions\/28558"}],"wp:attachment":[{"href":"https:\/\/catolicanet.net\/wp-cnet\/wp-json\/wp\/v2\/media?parent=14657"}],"wp:term":[{"taxonomy":"category","embeddable":true,"href":"https:\/\/catolicanet.net\/wp-cnet\/wp-json\/wp\/v2\/categories?post=14657"},{"taxonomy":"post_tag","embeddable":true,"href":"https:\/\/catolicanet.net\/wp-cnet\/wp-json\/wp\/v2\/tags?post=14657"}],"curies":[{"name":"wp","href":"https:\/\/api.w.org\/{rel}","templated":true}]}}