{"id":14644,"date":"2016-05-19T14:53:23","date_gmt":"2016-05-19T17:53:23","guid":{"rendered":"http:\/\/catolicanet.net\/wp-cnet\/2016\/05\/19\/estado-islamico-multiplica-ataques-sangrentos-em-bagda\/"},"modified":"2017-05-31T10:39:26","modified_gmt":"2017-05-31T13:39:26","slug":"estado-islamico-multiplica-ataques-sangrentos-em-bagda","status":"publish","type":"post","link":"https:\/\/catolicanet.net\/wp-cnet\/estado-islamico-multiplica-ataques-sangrentos-em-bagda\/","title":{"rendered":"Estado Isl\u00e2mico multiplica ataques sangrentos em Bagd\u00e1"},"content":{"rendered":"<p style=\"text-align: justify;\"><img decoding=\"async\" src=\"http:\/\/catolicanet.com.br\/images\/stories\/noticias\/9d21344c2604dea792e14cbd2c74.jpg\" border=\"0\" align=\"left\" \/>O grupo extremista Estado Isl\u00e2mico (EI) reivindicou a responsabilidade por v\u00e1rios ataques sangrentos em Bagd\u00e1 nos \u00faltimos dias para mostrar que segue forte apesar das derrotas sofridas para as for\u00e7as iraquianas no norte e oeste do pa\u00eds, afirmam os especialistas.<\/p>\n<p>Pelo menos 94 pessoas foram mortas em tr\u00eas atentados com carros-bomba em 11 de maio, e mais 48 pessoas foram mortas na ter\u00e7a-feira em uma s\u00e9rie de explos\u00f5es.<\/p>\n<p>No total, em uma semana, mais de 150 pessoas, a maioria civis, morreram na capital iraquiana em ataques indiscriminados em \u00e1reas predominantemente xiitas, reivindicados pelo EI.<\/p>\n<p>\u201cHoje Bagd\u00e1 \u00e9 o centro das aten\u00e7\u00f5es, porque o grupo est\u00e1 na defensiva\u201d, mas \u201cainda pode atingir o poder no cora\u00e7\u00e3o da capital\u201d, afirma Patrick Skinner, especialista do Soufan Group.<\/p>\n<p>Para o coronel Steve Warren, porta-voz das opera\u00e7\u00f5es da coliga\u00e7\u00e3o internacional contra o EI, este aumento dos ataques \u00e9 explicado pelo recuo no campo de batalha e pela vontade do EI de \u201ctirar proveito das tens\u00f5es pol\u00edticas na capital\u201d.<\/p>\n<p>Estes ataques ocorrem quando o pa\u00eds \u00e9 abalado por uma grave crise pol\u00edtica, que perturba o funcionamento das institui\u00e7\u00f5es. O primeiro-ministro, Haider al Abadi, n\u00e3o consegue impor um novo governo de tecnocratas, ao qual se op\u00f5em os partidos que temem perder seus privil\u00e9gios.<\/p>\n<p>\u201c\u00c9 uma conflu\u00eancia sangrenta\u201d, ressalta Skinner. \u201cA grande press\u00e3o militar junto com a crise pol\u00edtica pode provocar um enorme caos\u201d, adverte.<\/p>\n<p>Nos \u00faltimos meses, o EI perdeu terreno no Iraque, onde havia estabelecido o controle em diversas \u00e1reas a parti de 2014. As for\u00e7as iraquiana recuperaram, com o apoio dos bombardeios da coaliz\u00e3o internacional, o controle de v\u00e1rias cidades, como Tikrit e Ramadi, respectivamente no norte e no oeste de Bagd\u00e1.<\/p>\n<p>Falhas na seguran\u00e7a<\/p>\n<p>A capacidade do EI para realizar ataques em bairros xiitas em pleno centro de Bagd\u00e1 coloca em evid\u00eancia os problemas da seguran\u00e7a, incapaz de impedir o movimento de combatentes jihadistas, explosivos e armas.<\/p>\n<p>Tamb\u00e9m \u00e9 questionado a efic\u00e1cia dos postos de controle localizados nas principais rotas em torno da capital, que causam grandes engarrafamentos. O controle de documentos de identidade e registro de ve\u00edculos \u00e9 realizado superficialmente.<\/p>\n<p>As for\u00e7as de seguran\u00e7a continuam a utilizar detectores de explosivos que n\u00e3o funcionam. O homem que vendeu o material para o Estado em 2000, James McCormick, foi condenado por fraude a 10 anos de pris\u00e3o em 2013, em Londres.<\/p>\n<p>Al\u00e9m disso, soldados e policiais seguem sem prepara\u00e7\u00e3o para reagir em caso de emerg\u00eancia, como quando h\u00e1 ataques.<\/p>\n<p>Suas armas, por exemplo, s\u00e3o muitas vezes fora do alcance quando ocorrem ataques.<\/p>\n<p>Os fracassos dentro das for\u00e7as iraquianas vieram \u00e0 tona quando eles foram incapazes de resistir \u00e0 ofensiva lan\u00e7ada pelo EI em 2014.<\/p>\n<p>Os jihadistas conseguiram assumir com facilidade o controle da segunda maior cidade do pa\u00eds, Mossul, no norte do pa\u00eds.<\/p>\n<p>A coaliz\u00e3o contra os jihadistas liderada pelos Estados Unidos tem treinado desde ent\u00e3o 22.000 membros das for\u00e7as de seguran\u00e7a iraquianas. As tropas s\u00e3o especialmente preparadas para conduzir opera\u00e7\u00f5es para recuperar os territ\u00f3rios perdidos.<\/p>\n<p>De acordo com Warren e o porta-voz do minist\u00e9rio da Defesa iraquiano, Yahya Rasool, estas for\u00e7as treinadas pela coaliz\u00e3o n\u00e3o est\u00e3o implantadas em Bagd\u00e1.<\/p>\n<p>Os \u00faltimos ataques na capital causaram espanto na popula\u00e7\u00e3o, frente a ina\u00e7\u00e3o das autoridades. Dezenas de pessoas se manifestaram no local do ataque mortal de 11 de maio, perto de um mercado.<\/p>\n<p>Esta situa\u00e7\u00e3o aumenta a press\u00e3o sobre o primeiro-ministro, que na ter\u00e7a-feira ordenou a pris\u00e3o de um respons\u00e1vel da seguran\u00e7a da zona de Shaab, no norte de Bagd\u00e1, onde um outro ataque foi perpetrado.<\/p>\n<p>Mas, segundo os especialistas, mudan\u00e7as mais radicais seriam necess\u00e1rias para restaurar a seguran\u00e7a em Bagd\u00e1.<\/p>\n<p style=\"text-align: justify;\">\u00a0<\/p>\n<p style=\"text-align: justify;\">Fonte: Aleteia<\/p>\n","protected":false},"excerpt":{"rendered":"<p>O grupo extremista Estado Isl\u00e2mico (EI) reivindicou a responsabilidade por v\u00e1rios ataques sangrentos em Bagd\u00e1 nos \u00faltimos dias para mostrar que segue forte apesar das derrotas sofridas para as for\u00e7as iraquianas no norte e oeste do pa\u00eds, afirmam os especialistas. Pelo menos 94 pessoas foram mortas em tr\u00eas atentados com carros-bomba em 11 de maio, [&hellip;]<\/p>\n","protected":false},"author":1,"featured_media":0,"comment_status":"open","ping_status":"open","sticky":false,"template":"","format":"standard","meta":{"footnotes":""},"categories":[4],"tags":[],"class_list":["post-14644","post","type-post","status-publish","format-standard","hentry","category-cotidiano"],"_links":{"self":[{"href":"https:\/\/catolicanet.net\/wp-cnet\/wp-json\/wp\/v2\/posts\/14644","targetHints":{"allow":["GET"]}}],"collection":[{"href":"https:\/\/catolicanet.net\/wp-cnet\/wp-json\/wp\/v2\/posts"}],"about":[{"href":"https:\/\/catolicanet.net\/wp-cnet\/wp-json\/wp\/v2\/types\/post"}],"author":[{"embeddable":true,"href":"https:\/\/catolicanet.net\/wp-cnet\/wp-json\/wp\/v2\/users\/1"}],"replies":[{"embeddable":true,"href":"https:\/\/catolicanet.net\/wp-cnet\/wp-json\/wp\/v2\/comments?post=14644"}],"version-history":[{"count":1,"href":"https:\/\/catolicanet.net\/wp-cnet\/wp-json\/wp\/v2\/posts\/14644\/revisions"}],"predecessor-version":[{"id":25957,"href":"https:\/\/catolicanet.net\/wp-cnet\/wp-json\/wp\/v2\/posts\/14644\/revisions\/25957"}],"wp:attachment":[{"href":"https:\/\/catolicanet.net\/wp-cnet\/wp-json\/wp\/v2\/media?parent=14644"}],"wp:term":[{"taxonomy":"category","embeddable":true,"href":"https:\/\/catolicanet.net\/wp-cnet\/wp-json\/wp\/v2\/categories?post=14644"},{"taxonomy":"post_tag","embeddable":true,"href":"https:\/\/catolicanet.net\/wp-cnet\/wp-json\/wp\/v2\/tags?post=14644"}],"curies":[{"name":"wp","href":"https:\/\/api.w.org\/{rel}","templated":true}]}}