{"id":14641,"date":"2016-05-19T14:04:49","date_gmt":"2016-05-19T17:04:49","guid":{"rendered":"http:\/\/catolicanet.net\/wp-cnet\/2016\/05\/19\/igrejamusica-serpa-recebe-lprimeira-operar-produzida-e-construida-no-baixo-alentejo\/"},"modified":"2017-05-31T10:39:26","modified_gmt":"2017-05-31T13:39:26","slug":"igrejamusica-serpa-recebe-lprimeira-operar-produzida-e-construida-no-baixo-alentejo","status":"publish","type":"post","link":"https:\/\/catolicanet.net\/wp-cnet\/igrejamusica-serpa-recebe-lprimeira-operar-produzida-e-construida-no-baixo-alentejo\/","title":{"rendered":"Igreja\/M\u00fasica: Serpa recebe \u00abprimeira \u00f3pera\u00bb produzida e constru\u00edda no Baixo Alentejo"},"content":{"rendered":"<p style=\"text-align: justify;\"><img decoding=\"async\" src=\"http:\/\/catolicanet.com.br\/images\/stories\/noticias\/guaraci.jpg\" border=\"0\" align=\"left\" \/>Festival Terras Sem Sombra apresenta obra infantojuvenil com mensagem ecol\u00f3gica<\/p>\n<p style=\"text-align: justify;\">O Festival \u2018Terras Sem Sombra\u2019, promovido pelo Departamento do Patrim\u00f4nio Hist\u00f3rico e Art\u00edstico da Diocese de Beja (DPHA), vai promover a estreia europeia de \u2018Onheama\u2019 este s\u00e1bado e domingo, respectivamente \u00e0s 21h30 e 16h00, no Teatro Municipal de Serpa.<\/p>\n<p>Num comunicado enviado hoje \u00e0 Ag\u00eancia ECCLESIA, o DPHA informa que \u2018Onheama\u2019 tem como pano de fundo a tem\u00e1tica amaz\u00f4nica, mas remete para uma \u201cperspectiva mais alargada, pois os problemas que afetam a natureza n\u00e3o conhecem fronteiras\u201d.<\/p>\n<p>A \u00f3pera infantojuvenil, que tem um \u201calcance sociol\u00f3gico not\u00e1vel\u201d, vai ser apresentada no Teatro Municipal de Serpa, nos dias 21 e 22 de maio, \u00e0s 21h30 e 16h00, retrospectivamente, com entrada livre, sujeita \u00e0 lota\u00e7\u00e3o da sala.<\/p>\n<p>\u2018Onheama\u2019 \u00e9 a \u201cfamosa \u00f3pera em tr\u00eas atos\u201d, do autor musical brasileiro Jo\u00e3o Guilherme Ripper, que estreou em 2014, no Festival Amazonas, de Manaus, e \u201cnunca foi apresentada na Europa\u201d.<\/p>\n<p>O Departamento do Patrim\u00f4nio Hist\u00f3rico e Art\u00edstico da Diocese de Beja destaca a constru\u00e7\u00e3o local \u201cde toda a \u00f3pera\u201d cuja encena\u00e7\u00e3o \u00e9 da responsabilidade do dramaturgo argentino Claudio Hochmann que trabalha em Portugal.<\/p>\n<p>A cenografia e os figurinos da apresenta\u00e7\u00e3o de \u2018Onheama\u2019 no Baixo-Alentejo s\u00e3o de Miguel Costa Cabral que, como os outros produtores, \u201ctem vivido nos \u00faltimos meses em Serpa\u201d; j\u00e1 a coreografia foi concebida pelo criador cubano Yonel Castilla.<\/p>\n<p>A organiza\u00e7\u00e3o do Festival \u2018Terras Sem Sombra\u2019 adianta ainda que os figurinos s\u00e3o da Oficina do Traje, uma academia s\u00eanior, e os cen\u00e1rios e adere\u00e7os foram constru\u00eddos pelas oficinas da C\u00e2mara Municipal de Serpa e \u201cpequenas empresas da regi\u00e3o\u201d.<\/p>\n<p>A realiza\u00e7\u00e3o da \u00f3pera infantojuvenil \u2018Onheama\u2019 no Baixo Alentejo deve-se tamb\u00e9m \u00e0 parceria com o Teatro Nacional de S\u00e3o Carlos e conta com a comunidade art\u00edstica e educativa local, com destaque para o Grupo de Teatro da Escola Secund\u00e1ria de Serpa, (En)cena, e a escultora Margarida de Ara\u00fajo;<\/p>\n<p>\u2018Onheama\u2019, que significa eclipse em l\u00edngua tupi (Brasil), foi inspirada no poema \u2018A Inf\u00e2ncia de Um Guerreiro\u2019, do tamb\u00e9m brasileiro Max Carphentier: \u201cA mitologia dos povos ind\u00edgenas de algumas das principais regi\u00f5es da Amaz\u00f4nia interpreta o eclipse como a a\u00e7\u00e3o mal\u00e9fica de Xivi, a terr\u00edvel on\u00e7a celeste, que devora Guaraci, o Sol, e, insaci\u00e1vel no seu af\u00e3 consumidor, sai depois \u00e0 ca\u00e7a das estrelas e de Jaci, a Lua.\u201d<\/p>\n<p>O festival de m\u00fasica que alia natureza e patrim\u00f4nio d\u00e1 visibilidade tamb\u00e9m aos produtos locais\/regionais e na \u00f3pera \u2018Onheama\u2019 \u201ctudo gira em torno do sobreiro\u201d, o sol e a lua foram constru\u00eddos em corti\u00e7a.<\/p>\n<p>Da passagem por Serpa consta ainda a a\u00e7\u00e3o de defesa da biodiversidade no Parque Natural do Vale do Guadiana &#8211; a Serra de Serpa, o microclima de Limas e o acidente geol\u00f3gico do Pulo do Lobo \u2013 na manh\u00e3 deste domingo, a partir das 10h00.<\/p>\n<p>A 12.\u00aa edi\u00e7\u00e3o do FTSS tem como tema \u00abTorna-Viagem: o Brasil, a \u00c1frica e a Europa (Da Idade M\u00e9dia ao S\u00e9culo XX)\u00bb e termina com a cerim\u00f3nia de entrega do Premio Internacional Terras sem Sombra 2016, a 02 de julho, no Centro das Artes em Sines.<\/p>\n<p style=\"text-align: justify;\">\u00a0<\/p>\n<p style=\"text-align: justify;\">Fonte: Ag\u00eancia Ecclesia<\/p>\n","protected":false},"excerpt":{"rendered":"<p>Festival Terras Sem Sombra apresenta obra infantojuvenil com mensagem ecol\u00f3gica O Festival \u2018Terras Sem Sombra\u2019, promovido pelo Departamento do Patrim\u00f4nio Hist\u00f3rico e Art\u00edstico da Diocese de Beja (DPHA), vai promover a estreia europeia de \u2018Onheama\u2019 este s\u00e1bado e domingo, respectivamente \u00e0s 21h30 e 16h00, no Teatro Municipal de Serpa. Num comunicado enviado hoje \u00e0 Ag\u00eancia [&hellip;]<\/p>\n","protected":false},"author":1,"featured_media":0,"comment_status":"open","ping_status":"open","sticky":false,"template":"","format":"standard","meta":{"footnotes":""},"categories":[4],"tags":[],"class_list":["post-14641","post","type-post","status-publish","format-standard","hentry","category-cotidiano"],"_links":{"self":[{"href":"https:\/\/catolicanet.net\/wp-cnet\/wp-json\/wp\/v2\/posts\/14641","targetHints":{"allow":["GET"]}}],"collection":[{"href":"https:\/\/catolicanet.net\/wp-cnet\/wp-json\/wp\/v2\/posts"}],"about":[{"href":"https:\/\/catolicanet.net\/wp-cnet\/wp-json\/wp\/v2\/types\/post"}],"author":[{"embeddable":true,"href":"https:\/\/catolicanet.net\/wp-cnet\/wp-json\/wp\/v2\/users\/1"}],"replies":[{"embeddable":true,"href":"https:\/\/catolicanet.net\/wp-cnet\/wp-json\/wp\/v2\/comments?post=14641"}],"version-history":[{"count":1,"href":"https:\/\/catolicanet.net\/wp-cnet\/wp-json\/wp\/v2\/posts\/14641\/revisions"}],"predecessor-version":[{"id":25960,"href":"https:\/\/catolicanet.net\/wp-cnet\/wp-json\/wp\/v2\/posts\/14641\/revisions\/25960"}],"wp:attachment":[{"href":"https:\/\/catolicanet.net\/wp-cnet\/wp-json\/wp\/v2\/media?parent=14641"}],"wp:term":[{"taxonomy":"category","embeddable":true,"href":"https:\/\/catolicanet.net\/wp-cnet\/wp-json\/wp\/v2\/categories?post=14641"},{"taxonomy":"post_tag","embeddable":true,"href":"https:\/\/catolicanet.net\/wp-cnet\/wp-json\/wp\/v2\/tags?post=14641"}],"curies":[{"name":"wp","href":"https:\/\/api.w.org\/{rel}","templated":true}]}}