{"id":14640,"date":"2016-05-19T13:59:31","date_gmt":"2016-05-19T16:59:31","guid":{"rendered":"http:\/\/catolicanet.net\/wp-cnet\/2016\/05\/19\/portugal-mais-de-13-mil-pessoas-recorrem-mensalmente-ao-apoio-da-caritas\/"},"modified":"2017-05-31T10:39:27","modified_gmt":"2017-05-31T13:39:27","slug":"portugal-mais-de-13-mil-pessoas-recorrem-mensalmente-ao-apoio-da-caritas","status":"publish","type":"post","link":"https:\/\/catolicanet.net\/wp-cnet\/portugal-mais-de-13-mil-pessoas-recorrem-mensalmente-ao-apoio-da-caritas\/","title":{"rendered":"Portugal: Mais de 13 mil pessoas recorrem mensalmente ao apoio da C\u00e1ritas"},"content":{"rendered":"<p style=\"text-align: justify;\"><img decoding=\"async\" src=\"http:\/\/catolicanet.com.br\/images\/stories\/noticias\/atendimentos.jpg\" border=\"0\" align=\"left\" \/>\u00daltimos dados da organiza\u00e7\u00e3o cat\u00f3lica apontam Algarve, Coimbra, Viana do Castelo e Vila Real como as dioceses mais necessitadas<\/p>\n<p>Mais de 13 mil pessoas est\u00e3o a recorrer mensalmente ao apoio da C\u00e1ritas Portuguesa, revela o relat\u00f3rio mais recente da organiza\u00e7\u00e3o cat\u00f3lica, relativo a 2015.<\/p>\n<p>Segundo dados do N\u00facleo de Observa\u00e7\u00e3o Social da C\u00e1ritas Portuguesa, publicados online, o organismo registrou no \u00faltimo ano 161379 atendimentos, mais 771 em rela\u00e7\u00e3o ao ano anterior.<\/p>\n<p>Um n\u00famero que permite concluir que, em m\u00e9dia, 13448 pessoas recorrem por m\u00eas \u00e0 ajuda da C\u00e1ritas.<\/p>\n<p>No que toca \u00e0s fam\u00edlias, foram atendidas no total 66386, o que perfaz uma m\u00e9dia de 5 mil agregados por m\u00eas.<\/p>\n<p>O documento permite concluir que \u201cem 2015 houve uma estabiliza\u00e7\u00e3o nos valores dos atendimentos reportados, ap\u00f3s o grande crescimento verificado em 2014 face a 2013&#8243;.<\/p>\n<p>Quanto \u00e0s causas para o recurso aos apoios, a C\u00e1ritas aponta sobretudo problemas relacionados com baixos rendimentos, falta de condi\u00e7\u00f5es para o pagamento de bens como a alimenta\u00e7\u00e3o, a \u00e1gua e o g\u00e1s.<\/p>\n<p>Outras quest\u00f5es registradas apontam para quest\u00f5es relacionadas com a fam\u00edlia, com a habita\u00e7\u00e3o, com a sa\u00fade e a educa\u00e7\u00e3o.<\/p>\n<p>Recorde-se que em 2014, o relat\u00f3rio de atendimentos da C\u00e1ritas revelou um crescimento de 19 por cento nos apoios \u00e0s fam\u00edlias; e de 15,5 por cento relativamente \u00e0s pessoas.<\/p>\n<p>Sobre a realidade das dioceses, o relat\u00f3rio 2015 destaca Algarve, Coimbra, Viana do Castelo e Vila Real como as regi\u00f5es que registaram uma subida mais acentuada no n\u00famero de atendimentos.<\/p>\n<p>Vila Real persiste como a diocese onde, nos \u00faltimos anos, se registrou um agravamento mais preocupante, com mais de 22 mil pessoas atendidas, em compara\u00e7\u00e3o com as cerca de 3 mil em 2013.<\/p>\n<p>A Diocese de Coimbra foi aquela que teve o maior aumento dos pedidos de ajuda, cerca de 500 por cento nas fam\u00edlias (de 708 para 4258) e 200 por cento nas pessoas (de 1562 para 4801), face a 2014.<\/p>\n<p style=\"text-align: justify;\">Fonte: Ag\u00eancia Ecclesia<\/p>\n","protected":false},"excerpt":{"rendered":"<p>\u00daltimos dados da organiza\u00e7\u00e3o cat\u00f3lica apontam Algarve, Coimbra, Viana do Castelo e Vila Real como as dioceses mais necessitadas Mais de 13 mil pessoas est\u00e3o a recorrer mensalmente ao apoio da C\u00e1ritas Portuguesa, revela o relat\u00f3rio mais recente da organiza\u00e7\u00e3o cat\u00f3lica, relativo a 2015. Segundo dados do N\u00facleo de Observa\u00e7\u00e3o Social da C\u00e1ritas Portuguesa, publicados [&hellip;]<\/p>\n","protected":false},"author":1,"featured_media":0,"comment_status":"open","ping_status":"open","sticky":false,"template":"","format":"standard","meta":{"footnotes":""},"categories":[4],"tags":[],"class_list":["post-14640","post","type-post","status-publish","format-standard","hentry","category-cotidiano"],"_links":{"self":[{"href":"https:\/\/catolicanet.net\/wp-cnet\/wp-json\/wp\/v2\/posts\/14640","targetHints":{"allow":["GET"]}}],"collection":[{"href":"https:\/\/catolicanet.net\/wp-cnet\/wp-json\/wp\/v2\/posts"}],"about":[{"href":"https:\/\/catolicanet.net\/wp-cnet\/wp-json\/wp\/v2\/types\/post"}],"author":[{"embeddable":true,"href":"https:\/\/catolicanet.net\/wp-cnet\/wp-json\/wp\/v2\/users\/1"}],"replies":[{"embeddable":true,"href":"https:\/\/catolicanet.net\/wp-cnet\/wp-json\/wp\/v2\/comments?post=14640"}],"version-history":[{"count":1,"href":"https:\/\/catolicanet.net\/wp-cnet\/wp-json\/wp\/v2\/posts\/14640\/revisions"}],"predecessor-version":[{"id":25961,"href":"https:\/\/catolicanet.net\/wp-cnet\/wp-json\/wp\/v2\/posts\/14640\/revisions\/25961"}],"wp:attachment":[{"href":"https:\/\/catolicanet.net\/wp-cnet\/wp-json\/wp\/v2\/media?parent=14640"}],"wp:term":[{"taxonomy":"category","embeddable":true,"href":"https:\/\/catolicanet.net\/wp-cnet\/wp-json\/wp\/v2\/categories?post=14640"},{"taxonomy":"post_tag","embeddable":true,"href":"https:\/\/catolicanet.net\/wp-cnet\/wp-json\/wp\/v2\/tags?post=14640"}],"curies":[{"name":"wp","href":"https:\/\/api.w.org\/{rel}","templated":true}]}}