{"id":14597,"date":"2016-05-18T12:23:28","date_gmt":"2016-05-18T15:23:28","guid":{"rendered":"http:\/\/catolicanet.net\/wp-cnet\/2016\/05\/18\/padre-ricardo-hoepers-e-ordenado-bispo-em-curitiba-pr\/"},"modified":"2017-05-26T16:04:36","modified_gmt":"2017-05-26T19:04:36","slug":"padre-ricardo-hoepers-e-ordenado-bispo-em-curitiba-pr","status":"publish","type":"post","link":"https:\/\/catolicanet.net\/wp-cnet\/padre-ricardo-hoepers-e-ordenado-bispo-em-curitiba-pr\/","title":{"rendered":"Padre Ricardo Hoepers \u00e9 ordenado bispo em Curitiba (PR)"},"content":{"rendered":"<p style=\"text-align: justify;\"><img decoding=\"async\" src=\"http:\/\/catolicanet.com.br\/images\/stories\/bispos\/domricardo.jpg\" border=\"0\" align=\"left\" \/>Ele assumir\u00e1 a diocese de Rio Grande<\/p>\n<p>Dom Ricardo Hoepers \u00e9 34\u00ba bispo paranaense. A ordena\u00e7\u00e3o episcopal aconteceu no dia 14 de maio, na Catedral Bas\u00edlica Nossa Senhora da Luz dos Pinhais. Foi nomeado bispo da diocese de Rio Grande (RS),em 17 de fevereiro.<\/p>\n<p>\u201cNenhum desafio \u00e9 t\u00e3o grande quando acreditamos na Igreja enquanto parte do povo de Deus. A alegria \u00e9 o cora\u00e7\u00e3o que se abre para a miss\u00e3o e o papa nos pede uma Igreja em sa\u00edda. Ent\u00e3o vamos a Rio Grande levar a alegria de evangelizar, a alegria do Senhor, a alegria das fam\u00edlias\u201d, disse dom Ricardo durante a celebra\u00e7\u00e3o.<\/p>\n<p>Centenas de fi\u00e9is participaram da cerim\u00f4nia de ordena\u00e7\u00e3o, com presen\u00e7a do clero da arquidiocese de Curitiba. Foram bispos ordenantes o arcebispo de Curitiba, dom Jos\u00e9 Ant\u00f4nio Peruzzo;\u00a0 o arcebispo em\u00e9rito, dom Pedro Fedalto; e o bispo em\u00e9rito de Rio Grande, dom Jos\u00e9 M\u00e1rio Stroeher.<\/p>\n<p>\u201cO nosso clero sente-se engrandecido porque um dos seus, que aqui nasceu e cresceu, escolhido pelo papa, agora vai oferecer a outros a riqueza da f\u00e9 que aqui recebeu\u201d, expressou dom Peruzzo.<\/p>\n<p>Trajet\u00f3ria <\/p>\n<p>At\u00e9 a nomea\u00e7\u00e3o, padre Hoepers estava como p\u00e1roco na par\u00f3quia Santo Agostinho e Santa M\u00f4nica e diretor comunit\u00e1rio do Studium Theologicum Claretiano em Curitiba. Nascido em 16 de dezembro de 1970, ingressou no Semin\u00e1rio Arquidiocesano S\u00e3o Jos\u00e9 aos 19 anos. Cursou Filosofia na Universidade Federal do Paran\u00e1 e Teologia no Studium Theologicum. Em 1999 foi ordenado presb\u00edtero.<\/p>\n<p>O novo bispo fez mestrado e doutorado em Bio\u00e9tica e Teologia Moral na Academia Alfonsiana, em Roma. Atuou como professor na Faculdade Vicentina. Na trajet\u00f3ria como padre, foi diretor da Faculdade de Filosofia da Arquidiocese de Curitiba (2002-2003), coordenador geral do clero (2005 a 2008), membro do Conselho Presbiteral e do Col\u00e9gio de Consultadores, al\u00e9m de assessor eclesi\u00e1stico da Pastoral da Pessoa Idosa, no regional Sul 2 da Confer\u00eancia Nacional dos Bispos do Brasil (CNBB). \u00c9 autor do livro \u201cTeologia Moral no Brasil: um perfil hist\u00f3rico\u201d.<br \/>CNBB com informa\u00e7\u00f5es e foto da arquidiocese de Curitiba (PR)<\/p>\n<p>Fonte: CNBB<\/p>\n","protected":false},"excerpt":{"rendered":"<p>Ele assumir\u00e1 a diocese de Rio Grande Dom Ricardo Hoepers \u00e9 34\u00ba bispo paranaense. A ordena\u00e7\u00e3o episcopal aconteceu no dia 14 de maio, na Catedral Bas\u00edlica Nossa Senhora da Luz dos Pinhais. Foi nomeado bispo da diocese de Rio Grande (RS),em 17 de fevereiro. \u201cNenhum desafio \u00e9 t\u00e3o grande quando acreditamos na Igreja enquanto parte [&hellip;]<\/p>\n","protected":false},"author":1,"featured_media":0,"comment_status":"open","ping_status":"open","sticky":false,"template":"","format":"standard","meta":{"footnotes":""},"categories":[7],"tags":[],"class_list":["post-14597","post","type-post","status-publish","format-standard","hentry","category-cnbb"],"_links":{"self":[{"href":"https:\/\/catolicanet.net\/wp-cnet\/wp-json\/wp\/v2\/posts\/14597","targetHints":{"allow":["GET"]}}],"collection":[{"href":"https:\/\/catolicanet.net\/wp-cnet\/wp-json\/wp\/v2\/posts"}],"about":[{"href":"https:\/\/catolicanet.net\/wp-cnet\/wp-json\/wp\/v2\/types\/post"}],"author":[{"embeddable":true,"href":"https:\/\/catolicanet.net\/wp-cnet\/wp-json\/wp\/v2\/users\/1"}],"replies":[{"embeddable":true,"href":"https:\/\/catolicanet.net\/wp-cnet\/wp-json\/wp\/v2\/comments?post=14597"}],"version-history":[{"count":1,"href":"https:\/\/catolicanet.net\/wp-cnet\/wp-json\/wp\/v2\/posts\/14597\/revisions"}],"predecessor-version":[{"id":23701,"href":"https:\/\/catolicanet.net\/wp-cnet\/wp-json\/wp\/v2\/posts\/14597\/revisions\/23701"}],"wp:attachment":[{"href":"https:\/\/catolicanet.net\/wp-cnet\/wp-json\/wp\/v2\/media?parent=14597"}],"wp:term":[{"taxonomy":"category","embeddable":true,"href":"https:\/\/catolicanet.net\/wp-cnet\/wp-json\/wp\/v2\/categories?post=14597"},{"taxonomy":"post_tag","embeddable":true,"href":"https:\/\/catolicanet.net\/wp-cnet\/wp-json\/wp\/v2\/tags?post=14597"}],"curies":[{"name":"wp","href":"https:\/\/api.w.org\/{rel}","templated":true}]}}