{"id":14595,"date":"2016-05-17T18:59:29","date_gmt":"2016-05-17T21:59:29","guid":{"rendered":"http:\/\/catolicanet.net\/wp-cnet\/2016\/05\/17\/ei-catolicos-voces-adoram-imagens\/"},"modified":"2017-05-31T13:35:51","modified_gmt":"2017-05-31T16:35:51","slug":"ei-catolicos-voces-adoram-imagens","status":"publish","type":"post","link":"https:\/\/catolicanet.net\/wp-cnet\/ei-catolicos-voces-adoram-imagens\/","title":{"rendered":"\u201cEi, cat\u00f3licos, voc\u00eas adoram imagens!\u201d"},"content":{"rendered":"<p style=\"text-align: justify;\"><img decoding=\"async\" src=\"http:\/\/catolicanet.com.br\/images\/stories\/papas\/7m5ncf261s8qrhjudtozqoi8rjj.jpg\" border=\"0\" align=\"left\" \/>Saiba o que fazer quando algu\u00e9m acusar voc\u00ea de idolatria<\/p>\n<p>Nem cheirar, nem matar, nem traficar, nem roubar doce de criancinha; o pecado mais ati\u00e7a a sanha dos nossos irm\u00e3os evang\u00e9licos \u00e9 a idolatria. E, nesse ponto, quase todos os cat\u00f3licos vivem sendo \u201ccrenticados\u201d.<\/p>\n<p>A estrat\u00e9gia dos nossos acusadores \u00e9 a da tijolada: pegam uma passagem da B\u00edblia, tiram ela do seu contexto e a lan\u00e7am na nossa cabe\u00e7a, sem d\u00f3. Neste caso, o tijolo, isto \u00e9, o texto que usam como arma para atacar a nossa f\u00e9 \u00e9 o seguinte:<\/p>\n<p>\u201cN\u00e3o ter\u00e1s outros deuses diante de minha face. N\u00e3o far\u00e1s para ti escultura, nem figura alguma do que est\u00e1 em cima, nos c\u00e9us, ou embaixo, sobre a terra, ou nas \u00e1guas, debaixo da terra. N\u00e3o te prostrar\u00e1s diante delas e n\u00e3o lhes prestar\u00e1s culto.\u201d (Ex 20,3-5)<\/p>\n<p>De fato, o texto n\u00e3o deixa margem para d\u00favidas: prestar culto a imagens de santos, como n\u00f3s cat\u00f3licos fazemos, seria realmente um pecado grav\u00edssimo\u2026 na \u00e9poca do Antigo Testamento. A proibi\u00e7\u00e3o era, ent\u00e3o, absolutamente necess\u00e1ria, masperdeu o seu sentido quando o Velho deu lugar ao Novo Testamento.<\/p>\n<p>Explico: o povo que vivenciou o \u00caxodo era, em grande parte, id\u00f3latra. A cren\u00e7a no Deus de Abra\u00e3o, Isaac e Jac\u00f3 n\u00e3o os imunizou da influ\u00eancia religiosa dos demais povos. Assim, o culto aos \u00eddolos \u2013 primeiramente o bezerro de ouro, e depois os baals \u2013 era uma fonte de frequentes aborrecimentos e decep\u00e7\u00f5es para o Senhor.<\/p>\n<p>Por isso, havia o grande risco de os hebreus perceberem o Deus da Alian\u00e7a como mais um deus, o que deus estava \u201cem alta\u201d no momento, e n\u00e3o como O Deus, \u00danico e Verdadeiro. Jav\u00e9 precisava deixar claro o abismo que havia entre os \u00eddolos e Ele: Ele n\u00e3o \u00e9 produto da mente humana, nem tampouco a Sua doutrina. Ele \u00e9 o Deus que se revelou, Ele \u00e9 Aquele que \u00c9 (\u201cEu Sou Aquele que Sou\u201d \u2013 Ex,3-14). Os \u00eddolos, por sua vez, eram pat\u00e9ticos e impotentes objetos de pau, metal ou pedra, que representavam esquemas religiosos e doutrinas criadas pela imagina\u00e7\u00e3o humana.<\/p>\n<p>Assim, foi preciso tomar uma medida educativa: proibir que o povo fizesse qualquer imagem do Senhor, para deixar claro que Ele n\u00e3o era mais um deus inventado, moldado por m\u00e3os humanas. Ademais, ningu\u00e9m conhecia o Seu rosto, e nenhuma imagem poderia ficar \u00e0 altura da Sua imensa gl\u00f3ria:<\/p>\n<p>\u201cNo dia em que o SENHOR vos falou do meio do fogo no Horeb, n\u00e3o vistes figura alguma. Guardai-vos bem de corromper-vos, fazendo figuras de \u00eddolos de qualquer tipo.\u201d (Dt 4, 15-16)<\/p>\n<p>Entendida a raz\u00e3o que originou da proibi\u00e7\u00e3o do culto \u00e0s imagens? Ent\u00e3o, passemos \u00e0 segunda parte da hist\u00f3ria\u2026<\/p>\n<p>\u201cJingle Bells, jingle Bells!\u2026\u201d. Deus finalmente nos mostrou a Sua face. Todo o poder, o amor, a beleza, a miseric\u00f3rdia e a for\u00e7a Deus sem rosto e sem nome cabiam agora no corpo de um Menino. Os olhos dos homens finalmente podiam contemplar a FIGURA do Criador: \u201cQuem Me v\u00ea, v\u00ea tamb\u00e9m Aquele que Me enviou\u201d (Jo 12,45).<\/p>\n<p>Talvez o nariz ou os olhos fossem parecidos com os de Sua M\u00e3e. Talvez. Mas o certo que os tra\u00e7os do rosto de Jesus n\u00e3o seriam jamais esquecidos ou ignorados pelos crist\u00e3os da comunidade primitiva. As paredes das catacumbas est\u00e3o l\u00e1, para quem quiser e puder ver: pinturas de santos \u2013 inclusive de Maria, \u00f3 que pecado! \u2013 e personagens b\u00edblicos para todo o lado.<\/p>\n<p>Assim, n\u00e3o podemos compreender a B\u00edblia sem considerar a Tradi\u00e7\u00e3o da Igreja, que, desde os primeiros s\u00e9culos, entendeu que os \u00edcones que representavam o Senhor, Maria e os santos exprimiam de forma leg\u00edtima a f\u00e9 e a esperan\u00e7a do nosso povo. N\u00e3o custa lembrar o \u00f3bvio: a proibi\u00e7\u00e3o do culto \u00e0s imagens est\u00e1 diretamente relacionada ao combate \u00e0 adora\u00e7\u00e3o de outros deuses. Por isso, o mandamento que condena a idolatria n\u00e3o se aplica no caso das imagens cat\u00f3licas, j\u00e1 que estas nos remetem \u00e0 gl\u00f3ria do pr\u00f3prio Cristo. Os \u00edcones cat\u00f3licos nos testemunham sobre a vida de personagens reais e hist\u00f3ricos (e n\u00e3o imagin\u00e1rios, como os \u00eddolos), que dedicaram sua vida ao Senhor.<\/p>\n<p>A rela\u00e7\u00e3o dos cat\u00f3licos com as imagens de Jesus e dos santos \u00e9compar\u00e1vel \u00e0 que qualquer pessoa tem com a fotografia das pessoas amadas. Quando olhamos a imagem de algu\u00e9m importante para n\u00f3s, a afei\u00e7\u00e3o se projeta; trazemos as fotos com carinho na carteira, colocamos em um canto de destaque na sala, beijamos o papel inerte quando a saudade aperta\u2026 E ningu\u00e9m, por mais imbecil que seja, faria algum coment\u00e1rio infeliz aludindo a \u201cidolatria\u201d.<\/p>\n<p><img decoding=\"async\" src=\"http:\/\/catolicanet.com.br\/images\/stories\/noticias\/oobi2.jpg\" border=\"0\" align=\"right\" \/>Pra encerrar, digo que este post n\u00e3o tem o objetivo de fornecer muni\u00e7\u00e3o para que voc\u00ea, cat\u00f3lico, possa se justificar quando te \u201ccrenticarem\u201d. N\u00e3o vale a pena gastar a saliva (a n\u00e3o ser nos raros casos em que h\u00e1 a possibilidade de um di\u00e1logo honesto e objetivo). O papo aqui \u00e9 mesmo para nos ajudar a compreender as ra\u00edzes da nossa pr\u00f3pria identidade. Assim, sabendo quem n\u00f3s somos e porque n\u00f3s somos, nos tornamos mais capazes de viver a nossa f\u00e9 de forma alegre, livre e consciente.<\/p>\n<p>Por isso, se algu\u00e9m vier lhe chamar de id\u00f3latra, n\u00e3o discuta. Manda o cara falar com a sua m\u00e3o.<\/p>\n<p>Ainda acha que cat\u00f3licos adoram imagens? Continue falando com a minha m\u00e3o\u2026<\/p>\n<p style=\"text-align: justify;\">\u00a0<\/p>\n<p style=\"text-align: justify;\">Fonte: Aleteia<\/p>\n","protected":false},"excerpt":{"rendered":"<p>Saiba o que fazer quando algu\u00e9m acusar voc\u00ea de idolatria Nem cheirar, nem matar, nem traficar, nem roubar doce de criancinha; o pecado mais ati\u00e7a a sanha dos nossos irm\u00e3os evang\u00e9licos \u00e9 a idolatria. E, nesse ponto, quase todos os cat\u00f3licos vivem sendo \u201ccrenticados\u201d. A estrat\u00e9gia dos nossos acusadores \u00e9 a da tijolada: pegam uma [&hellip;]<\/p>\n","protected":false},"author":1,"featured_media":0,"comment_status":"open","ping_status":"open","sticky":false,"template":"","format":"standard","meta":{"footnotes":""},"categories":[4],"tags":[],"class_list":["post-14595","post","type-post","status-publish","format-standard","hentry","category-cotidiano"],"_links":{"self":[{"href":"https:\/\/catolicanet.net\/wp-cnet\/wp-json\/wp\/v2\/posts\/14595","targetHints":{"allow":["GET"]}}],"collection":[{"href":"https:\/\/catolicanet.net\/wp-cnet\/wp-json\/wp\/v2\/posts"}],"about":[{"href":"https:\/\/catolicanet.net\/wp-cnet\/wp-json\/wp\/v2\/types\/post"}],"author":[{"embeddable":true,"href":"https:\/\/catolicanet.net\/wp-cnet\/wp-json\/wp\/v2\/users\/1"}],"replies":[{"embeddable":true,"href":"https:\/\/catolicanet.net\/wp-cnet\/wp-json\/wp\/v2\/comments?post=14595"}],"version-history":[{"count":1,"href":"https:\/\/catolicanet.net\/wp-cnet\/wp-json\/wp\/v2\/posts\/14595\/revisions"}],"predecessor-version":[{"id":25981,"href":"https:\/\/catolicanet.net\/wp-cnet\/wp-json\/wp\/v2\/posts\/14595\/revisions\/25981"}],"wp:attachment":[{"href":"https:\/\/catolicanet.net\/wp-cnet\/wp-json\/wp\/v2\/media?parent=14595"}],"wp:term":[{"taxonomy":"category","embeddable":true,"href":"https:\/\/catolicanet.net\/wp-cnet\/wp-json\/wp\/v2\/categories?post=14595"},{"taxonomy":"post_tag","embeddable":true,"href":"https:\/\/catolicanet.net\/wp-cnet\/wp-json\/wp\/v2\/tags?post=14595"}],"curies":[{"name":"wp","href":"https:\/\/api.w.org\/{rel}","templated":true}]}}