{"id":14591,"date":"2016-05-17T17:49:50","date_gmt":"2016-05-17T20:49:50","guid":{"rendered":"http:\/\/catolicanet.net\/wp-cnet\/2016\/05\/17\/como-atua-o-espirito-santo-na-jornada-mundial-da-juventude\/"},"modified":"2017-05-31T10:45:46","modified_gmt":"2017-05-31T13:45:46","slug":"como-atua-o-espirito-santo-na-jornada-mundial-da-juventude","status":"publish","type":"post","link":"https:\/\/catolicanet.net\/wp-cnet\/como-atua-o-espirito-santo-na-jornada-mundial-da-juventude\/","title":{"rendered":"Como atua o Esp\u00edrito Santo na Jornada Mundial da Juventude?"},"content":{"rendered":"<p style=\"text-align: justify;\"><img decoding=\"async\" src=\"http:\/\/catolicanet.com.br\/images\/stories\/noticias\/jmjcracovia_aciprensa_140516.jpg\" border=\"0\" align=\"left\" \/>Na medida em que se aproxima a Jornada Mundial da Juventude (JMJ), a ser realizada entre os dias 26 e 31 de julho em Crac\u00f3via (Pol\u00f4nia), aumenta a expectativa sobre o que acontecer\u00e1 nesses dias e, de maneira especial, sobre como o Esp\u00edrito Santo atuar\u00e1.<\/p>\n<p>Este \u00faltimo ponto foi abordado no m\u00eas passado por Danny Casey, chefe de opera\u00e7\u00f5es da JMJ realizada em 2008 em Sidney (Austr\u00e1lia), em uma confer\u00eancia organizada na Universidade Jaguel\u00f3nica em Crac\u00f3via sobre a Jornada Mundial da Juventude.<\/p>\n<p>Em sua interven\u00e7\u00e3o, indicou que a ora\u00e7\u00e3o \u00e9 a melhor forma atrav\u00e9s da qual os organizadores podem \u201cpromover\u201d a a\u00e7\u00e3o do Esp\u00edrito durante a JMJ.<\/p>\n<p>\u201cEm algumas ocasi\u00f5es teremos a sensa\u00e7\u00e3o de acreditar que as coisas n\u00e3o \u2018fluem\u2019; voc\u00eas experimentar\u00e3o muitas mudan\u00e7as inesperadas, perceber\u00e3o que h\u00e1 for\u00e7as que n\u00e3o desejam que isto se realize e a \u00fanica maneira de ultrapassar estes obst\u00e1culos \u00e9 a ora\u00e7\u00e3o. Logo, ora\u00e7\u00e3o por um lado e trabalho \u00e1rduo pelo outro. Estes dois elementos s\u00e3o insepar\u00e1veis\u201d, manifestou Casey.<\/p>\n<p>Em seguida disse que \u201ccom Deus poderemos fazer muito mais do que poder\u00edamos fazer somente pelas nossas for\u00e7as. Devemos dar tudo de n\u00f3s mesmos, at\u00e9 a \u00faltima gota e para isso precisamos de for\u00e7a espiritual e ora\u00e7\u00e3o. Podemos come\u00e7ar e terminar cada reuni\u00e3o com a ora\u00e7\u00e3o pela JMJ; poder\u00edamos convidar as autoridades civis para que rezem conosco, a fim de que sejam conscientes de que durante a Jornada, ser\u00e3o servidores de Deus e da Igreja\u201d.<\/p>\n<p>Por outro lado, em rela\u00e7\u00e3o \u00e0 seguran\u00e7a e ao ambiente de temor devido aos atentados de Bruxelas e Paris, Casey comentou que antes da JMJ de Toronto em 2002 passaram pela mesma situa\u00e7\u00e3o, porque um ano antes ocorreu o atentado contra as Torres G\u00eameas em Nova Iorque (Estados Unidos).<\/p>\n<p>Entretanto, o ent\u00e3o Papa Jo\u00e3o Paulo II escreveu uma carta ao Pe. Thomas Rosica, que organizava o evento, na qual lhe disse: \u201cAgora mais do que nunca precisamos da JMJ\u201d.<\/p>\n<p>Nesse sentido, Casey expressou: \u201cAgora mais do que nunca precisamos nos reunir como crentes, precisamos nos reunir e nos encontrar no louvor e na ora\u00e7\u00e3o. Podemos assegurar que as autoridades civis tomar\u00e3o todas as precau\u00e7\u00f5es em rela\u00e7\u00e3o \u00e0 seguran\u00e7a\u201d.<\/p>\n<p>A respeito das pessoas que n\u00e3o poder\u00e3o participar da JMJ na Pol\u00f4nia, Casey indicou que em 2008 passaram por uma situa\u00e7\u00e3o semelhante, pois o evento aconteceu na Austr\u00e1lia e nem todos puderam viajar.<\/p>\n<p>\u201cSe for poss\u00edvel participar de maneira f\u00edsica, a JMJ \u00e9 uma viagem maravilhosa, que vai muito al\u00e9m da nossa imagina\u00e7\u00e3o, mas se n\u00e3o puderem estar presentes, n\u00e3o duvidamos que o Esp\u00edrito Santo trabalhar\u00e1 \u00e0 dist\u00e2ncia. Digo aos jovens que participam em alguma comunidade em sua diocese, procurem e compartilhem o material dispon\u00edvel na p\u00e1gina, sigam as transmiss\u00f5es online\u201d.<\/p>\n<p>Nesse sentido, Casey comentou que a \u201cmiss\u00e3o\u201d dos meios de comunica\u00e7\u00e3o \u00e9 ajudar as pessoas que n\u00e3o puderem estar presentes a fim de que vivam a experi\u00eancia da JMJ \u00e0 dist\u00e2ncia.<\/p>\n<p>Os organizadores da JMJ na Pol\u00f4nia contam com a participa\u00e7\u00e3o de mais de dois milh\u00f5es de peregrinos.\u00a0 As inscri\u00e7\u00f5es ser\u00e3o realizadas at\u00e9 o dia 30 de junho.<\/p>\n<p style=\"text-align: justify;\">\u00a0<\/p>\n<p style=\"text-align: justify;\">Fonte: Acidigital<\/p>\n","protected":false},"excerpt":{"rendered":"<p>Na medida em que se aproxima a Jornada Mundial da Juventude (JMJ), a ser realizada entre os dias 26 e 31 de julho em Crac\u00f3via (Pol\u00f4nia), aumenta a expectativa sobre o que acontecer\u00e1 nesses dias e, de maneira especial, sobre como o Esp\u00edrito Santo atuar\u00e1. Este \u00faltimo ponto foi abordado no m\u00eas passado por Danny [&hellip;]<\/p>\n","protected":false},"author":1,"featured_media":0,"comment_status":"open","ping_status":"open","sticky":false,"template":"","format":"standard","meta":{"footnotes":""},"categories":[4],"tags":[],"class_list":["post-14591","post","type-post","status-publish","format-standard","hentry","category-cotidiano"],"_links":{"self":[{"href":"https:\/\/catolicanet.net\/wp-cnet\/wp-json\/wp\/v2\/posts\/14591","targetHints":{"allow":["GET"]}}],"collection":[{"href":"https:\/\/catolicanet.net\/wp-cnet\/wp-json\/wp\/v2\/posts"}],"about":[{"href":"https:\/\/catolicanet.net\/wp-cnet\/wp-json\/wp\/v2\/types\/post"}],"author":[{"embeddable":true,"href":"https:\/\/catolicanet.net\/wp-cnet\/wp-json\/wp\/v2\/users\/1"}],"replies":[{"embeddable":true,"href":"https:\/\/catolicanet.net\/wp-cnet\/wp-json\/wp\/v2\/comments?post=14591"}],"version-history":[{"count":1,"href":"https:\/\/catolicanet.net\/wp-cnet\/wp-json\/wp\/v2\/posts\/14591\/revisions"}],"predecessor-version":[{"id":25985,"href":"https:\/\/catolicanet.net\/wp-cnet\/wp-json\/wp\/v2\/posts\/14591\/revisions\/25985"}],"wp:attachment":[{"href":"https:\/\/catolicanet.net\/wp-cnet\/wp-json\/wp\/v2\/media?parent=14591"}],"wp:term":[{"taxonomy":"category","embeddable":true,"href":"https:\/\/catolicanet.net\/wp-cnet\/wp-json\/wp\/v2\/categories?post=14591"},{"taxonomy":"post_tag","embeddable":true,"href":"https:\/\/catolicanet.net\/wp-cnet\/wp-json\/wp\/v2\/tags?post=14591"}],"curies":[{"name":"wp","href":"https:\/\/api.w.org\/{rel}","templated":true}]}}