{"id":14537,"date":"2016-05-13T12:53:05","date_gmt":"2016-05-13T15:53:05","guid":{"rendered":"http:\/\/catolicanet.net\/wp-cnet\/2016\/05\/13\/arquidiocese-de-goiania-tera-santuario-elevado-a-basilica-menor\/"},"modified":"2017-05-26T16:04:38","modified_gmt":"2017-05-26T19:04:38","slug":"arquidiocese-de-goiania-tera-santuario-elevado-a-basilica-menor","status":"publish","type":"post","link":"https:\/\/catolicanet.net\/wp-cnet\/arquidiocese-de-goiania-tera-santuario-elevado-a-basilica-menor\/","title":{"rendered":"Arquidiocese de Goi\u00e2nia ter\u00e1 Santu\u00e1rio elevado a Bas\u00edlica Menor"},"content":{"rendered":"<p style=\"text-align: justify;\"><img decoding=\"async\" src=\"http:\/\/catolicanet.com.br\/images\/stories\/noticias\/santuariogo.jpg\" border=\"0\" align=\"left\" \/>Missa de instala\u00e7\u00e3o ser\u00e1 presidida por dom Washington Cruz<\/p>\n<p>Por decis\u00e3o do Vaticano, o Santu\u00e1rio de Nossa Senhora do Perp\u00e9tuo Socorro, localizado em Goi\u00e2nia (GO), receber\u00e1 o t\u00edtulo de Bas\u00edlica Menor. A cerim\u00f4nia de eleva\u00e7\u00e3o ocorrer\u00e1 no pr\u00f3ximo dia 22. O templo \u00e9 administrado pelos mission\u00e1rios redentoristas da prov\u00edncia de Goi\u00e1s. <\/p>\n<p>Amanh\u00e3, 13 de maio, tem in\u00edcio a novena em honra \u00e0 Nossa Senhora do Perp\u00e9tuo Socorro. A missa de instala\u00e7\u00e3o da Bas\u00edlica Menor, no dia 22, \u00e0s 17h30, ser\u00e1 presidida pelo arcebispo de Goi\u00e2nia, dom Washington Cruz.\u00a0 <\/p>\n<p>A concess\u00e3o do t\u00edtulo de Bas\u00edlica Menor manifesta o valor cultural e religioso do templo, expressando fortalecimento do v\u00ednculo com a Santa S\u00e9 e o papa. O t\u00edtulo \u00e9 concedido \u00e0s igrejas consideradas importantes pela venera\u00e7\u00e3o dos fi\u00e9is, al\u00e9m da beleza art\u00edstica da arquitetura e decora\u00e7\u00e3o.<\/p>\n<p>Hist\u00f3ria<\/p>\n<p>No s\u00e9culo 19, foi constru\u00edda a primeira igreja com o t\u00edtulo de par\u00f3quia Nossa Senhora do Perp\u00e9tuo Socorro, em Goi\u00e2nia. Esse primeiro templo foi demolido em 1960, para dar lugar \u00e0 atual constru\u00e7\u00e3o. A instala\u00e7\u00e3o do Santu\u00e1rio do Perp\u00e9tuo Socorro ocorreu no ano 2000.<\/p>\n<p style=\"text-align: justify;\">\u00a0<\/p>\n<p style=\"text-align: justify;\">Fonte: CNBB<\/p>\n","protected":false},"excerpt":{"rendered":"<p>Missa de instala\u00e7\u00e3o ser\u00e1 presidida por dom Washington Cruz Por decis\u00e3o do Vaticano, o Santu\u00e1rio de Nossa Senhora do Perp\u00e9tuo Socorro, localizado em Goi\u00e2nia (GO), receber\u00e1 o t\u00edtulo de Bas\u00edlica Menor. A cerim\u00f4nia de eleva\u00e7\u00e3o ocorrer\u00e1 no pr\u00f3ximo dia 22. O templo \u00e9 administrado pelos mission\u00e1rios redentoristas da prov\u00edncia de Goi\u00e1s. Amanh\u00e3, 13 de maio, [&hellip;]<\/p>\n","protected":false},"author":1,"featured_media":0,"comment_status":"open","ping_status":"open","sticky":false,"template":"","format":"standard","meta":{"footnotes":""},"categories":[7],"tags":[],"class_list":["post-14537","post","type-post","status-publish","format-standard","hentry","category-cnbb"],"_links":{"self":[{"href":"https:\/\/catolicanet.net\/wp-cnet\/wp-json\/wp\/v2\/posts\/14537","targetHints":{"allow":["GET"]}}],"collection":[{"href":"https:\/\/catolicanet.net\/wp-cnet\/wp-json\/wp\/v2\/posts"}],"about":[{"href":"https:\/\/catolicanet.net\/wp-cnet\/wp-json\/wp\/v2\/types\/post"}],"author":[{"embeddable":true,"href":"https:\/\/catolicanet.net\/wp-cnet\/wp-json\/wp\/v2\/users\/1"}],"replies":[{"embeddable":true,"href":"https:\/\/catolicanet.net\/wp-cnet\/wp-json\/wp\/v2\/comments?post=14537"}],"version-history":[{"count":1,"href":"https:\/\/catolicanet.net\/wp-cnet\/wp-json\/wp\/v2\/posts\/14537\/revisions"}],"predecessor-version":[{"id":23707,"href":"https:\/\/catolicanet.net\/wp-cnet\/wp-json\/wp\/v2\/posts\/14537\/revisions\/23707"}],"wp:attachment":[{"href":"https:\/\/catolicanet.net\/wp-cnet\/wp-json\/wp\/v2\/media?parent=14537"}],"wp:term":[{"taxonomy":"category","embeddable":true,"href":"https:\/\/catolicanet.net\/wp-cnet\/wp-json\/wp\/v2\/categories?post=14537"},{"taxonomy":"post_tag","embeddable":true,"href":"https:\/\/catolicanet.net\/wp-cnet\/wp-json\/wp\/v2\/tags?post=14537"}],"curies":[{"name":"wp","href":"https:\/\/api.w.org\/{rel}","templated":true}]}}