{"id":14527,"date":"2016-05-12T18:02:23","date_gmt":"2016-05-12T21:02:23","guid":{"rendered":"http:\/\/catolicanet.net\/wp-cnet\/2016\/05\/12\/americachile-a-crise-de-chiloe-nao-e-somente-um-problema-economico-mas-social-afirma-dom-infanti\/"},"modified":"2017-05-31T10:47:53","modified_gmt":"2017-05-31T13:47:53","slug":"americachile-a-crise-de-chiloe-nao-e-somente-um-problema-economico-mas-social-afirma-dom-infanti","status":"publish","type":"post","link":"https:\/\/catolicanet.net\/wp-cnet\/americachile-a-crise-de-chiloe-nao-e-somente-um-problema-economico-mas-social-afirma-dom-infanti\/","title":{"rendered":"AM\u00c9RICA\/CHILE &#8211; \u201cA crise de Chilo\u00e9 n\u00e3o \u00e9 somente um problema econ\u00f4mico, mas social\u201d, afirma Dom Infanti"},"content":{"rendered":"<p style=\"text-align: justify;\"><img decoding=\"async\" src=\"http:\/\/catolicanet.com.br\/images\/stories\/noticias\/rv15648_articolo.jpg\" border=\"0\" align=\"left\" \/>Ays\u00e9n (Ag\u00eancia Fides) \u2013 O pedido aos pescadores para que &#8220;n\u00e3o caiam na tenta\u00e7\u00e3o de vender a pr\u00f3pria consci\u00eancia por poucos milhares de pesos que servir\u00e3o somente para o p\u00e3o de hoje e a mis\u00e9ria de amanh\u00e3&#8221; foi feito pelo Vig\u00e1rio Apost\u00f3lico de Ays\u00e9n, Dom Luigi Infanti della Mora, durante uma entrevista para a R\u00e1dio Bio Bio, enviada a Fides. O Bispo destacou que o que est\u00e1 acontecendo em Chilo\u00e9, ou seja, o protesto dos pescadores e de outros grupos da popula\u00e7\u00e3o contra as medidas do governo que pro\u00edbem a pesca depois da \u201cmar\u00e9 vermelha\u201d, paralisando todas as atividades econ\u00f4micas locais (veja Fides 10\/5\/2016), na realidade \u00e9 uma cadeia de problemas, talvez provocada tamb\u00e9m pela presen\u00e7a de empresas estrangeiras que atuam somente por meio da explora\u00e7\u00e3o predat\u00f3ria.<br \/>Dom Infanti pediu \u00e0 popula\u00e7\u00e3o de Chilo\u00e9 que n\u00e3o olhe somente para o problema atual, mas para o que vai acontecer. &#8220;Esta tentativa de dar solu\u00e7\u00f5es para o momento, que s\u00e3o ef\u00eameras, de passagem, creio fa\u00e7a s\u00f3 um grande dano \u00e0 pr\u00f3pria pol\u00edtica do pa\u00eds&#8221;, disse o Bispo, destacando que a crise atual n\u00e3o \u00e9 s\u00f3 um problema econ\u00f4mico, mas social, que feriu a fam\u00edlia, as rela\u00e7\u00f5es sociais, a tradi\u00e7\u00e3o cultural de Chilo\u00e9 e todos os povos do sul que vivem dos recursos marinhos.<br \/>Ontem \u00e0 noite, a presidente Bachelet, falando de Estocolmo, disse: \u201cAcompanho de perto o problema e insisto no di\u00e1logo entre as partes\u201d. No entanto, o governo autorizou o pagamento de 1.781 subs\u00eddios que correspondem ao n\u00famero de pescadores artesanais prejudicados pela \u201cmar\u00e9 vermelha\u201d, mas o problema principal \u00e9 constitu\u00eddo por aqueles que, segundo o governo, n\u00e3o possuem os requisitos necess\u00e1rios.<\/p>\n<p style=\"text-align: justify;\">\u00a0<\/p>\n<p style=\"text-align: justify;\">Fonte: Ag\u00eancia Fides<\/p>\n","protected":false},"excerpt":{"rendered":"<p>Ays\u00e9n (Ag\u00eancia Fides) \u2013 O pedido aos pescadores para que &#8220;n\u00e3o caiam na tenta\u00e7\u00e3o de vender a pr\u00f3pria consci\u00eancia por poucos milhares de pesos que servir\u00e3o somente para o p\u00e3o de hoje e a mis\u00e9ria de amanh\u00e3&#8221; foi feito pelo Vig\u00e1rio Apost\u00f3lico de Ays\u00e9n, Dom Luigi Infanti della Mora, durante uma entrevista para a R\u00e1dio [&hellip;]<\/p>\n","protected":false},"author":1,"featured_media":0,"comment_status":"open","ping_status":"open","sticky":false,"template":"","format":"standard","meta":{"footnotes":""},"categories":[4],"tags":[],"class_list":["post-14527","post","type-post","status-publish","format-standard","hentry","category-cotidiano"],"_links":{"self":[{"href":"https:\/\/catolicanet.net\/wp-cnet\/wp-json\/wp\/v2\/posts\/14527","targetHints":{"allow":["GET"]}}],"collection":[{"href":"https:\/\/catolicanet.net\/wp-cnet\/wp-json\/wp\/v2\/posts"}],"about":[{"href":"https:\/\/catolicanet.net\/wp-cnet\/wp-json\/wp\/v2\/types\/post"}],"author":[{"embeddable":true,"href":"https:\/\/catolicanet.net\/wp-cnet\/wp-json\/wp\/v2\/users\/1"}],"replies":[{"embeddable":true,"href":"https:\/\/catolicanet.net\/wp-cnet\/wp-json\/wp\/v2\/comments?post=14527"}],"version-history":[{"count":1,"href":"https:\/\/catolicanet.net\/wp-cnet\/wp-json\/wp\/v2\/posts\/14527\/revisions"}],"predecessor-version":[{"id":26011,"href":"https:\/\/catolicanet.net\/wp-cnet\/wp-json\/wp\/v2\/posts\/14527\/revisions\/26011"}],"wp:attachment":[{"href":"https:\/\/catolicanet.net\/wp-cnet\/wp-json\/wp\/v2\/media?parent=14527"}],"wp:term":[{"taxonomy":"category","embeddable":true,"href":"https:\/\/catolicanet.net\/wp-cnet\/wp-json\/wp\/v2\/categories?post=14527"},{"taxonomy":"post_tag","embeddable":true,"href":"https:\/\/catolicanet.net\/wp-cnet\/wp-json\/wp\/v2\/tags?post=14527"}],"curies":[{"name":"wp","href":"https:\/\/api.w.org\/{rel}","templated":true}]}}