{"id":14519,"date":"2016-05-12T14:33:46","date_gmt":"2016-05-12T17:33:46","guid":{"rendered":"http:\/\/catolicanet.net\/wp-cnet\/2016\/05\/12\/presidente-de-hitler-nao-mas-papa-de-hitler-sim\/"},"modified":"2017-05-31T13:34:03","modified_gmt":"2017-05-31T16:34:03","slug":"presidente-de-hitler-nao-mas-papa-de-hitler-sim","status":"publish","type":"post","link":"https:\/\/catolicanet.net\/wp-cnet\/presidente-de-hitler-nao-mas-papa-de-hitler-sim\/","title":{"rendered":"\u201cPresidente de Hitler\u201d n\u00e3o, mas \u201cPapa de Hitler\u201d sim?"},"content":{"rendered":"<p style=\"text-align: justify;\"><img decoding=\"async\" src=\"http:\/\/catolicanet.com.br\/images\/stories\/noticias\/carl-gustaf-emil-mannerheim-public-domain-via-wikipedia.jpg\" border=\"0\" align=\"left\" \/>Enquanto Pio XII \u00e9 execrado, Carl Gustaf Emil Mannerheim \u00e9 louvado \u2013 pelos mesmos motivos!<\/p>\n<p>Ele aliou seu pa\u00eds \u00e0 Alemanha nazista e nunca disse uma palavra em defesa dos judeus. Suas rela\u00e7\u00f5es com Hitler s\u00e3o descritas como \u201ccamaradas\u201d. Como mostra de apre\u00e7o por essa alian\u00e7a, Hitler lhe deu um Mercedes-Benz, que ele aceitou \u201cgraciosamente\u201d. Ele passou seu 75\u00ba anivers\u00e1rio num encontro secreto com Hitler, que, para v\u00ea-lo, fez uma de suas raras viagens para fora da Alemanha. Seus compatriotas ainda o reverenciam, setenta anos depois \u2013 e com raz\u00e3o.<\/p>\n<p>Estou escrevendo sobre Carl Gustaf Emil Mannerheim (imagem), o l\u00edder finland\u00eas durante a Segunda Guerra Mundial. O entretido e impecavelmente liberal site Ozy publicou recentemente um artigo descrevendo como Mannerheim fez o quase imposs\u00edvel para manter a Finl\u00e2ndia livre, ao mesmo tempo, do dom\u00ednio da Alemanha nazista e da invas\u00e3o da R\u00fassia sovi\u00e9tica.<\/p>\n<p>\u201cA sua \u00fanica forma de salvar a Finl\u00e2ndia da tirania de Stalin\u201d, explica o site, \u201cera aliar-se aos nazistas. Mannerheim, por isso, jogou um delicado jogo de equil\u00edbrio, mantendo as suas tropas fortes ao mesmo tempo em que cortejava os favores de Hitler, mas sem fazer com ele nenhuma alian\u00e7a formal\u201d.<\/p>\n<p>Nesse jogo de gato e rato, Mannerheim criou com Hitler uma \u201cintrincado pacto de co-beliger\u00e2ncia que especificava como a Alemanha e a Finl\u00e2ndia, embora n\u00e3o aliadas, cooperariam militarmente para combater o mesmo inimigo (\u2026) Acima de tudo isso, estava a rela\u00e7\u00e3o de intimidade entre Mannerheim e Hitler, que mantinha os nazistas \u00e0 dist\u00e2ncia\u201d.<\/p>\n<p>Hoje, conclui o autor do texto, \u201ca reputa\u00e7\u00e3o de Mannerheim atinge propor\u00e7\u00f5es m\u00edticas (\u2026) Suas complexas rela\u00e7\u00f5es com a Alemanha nazista salvaram a Finl\u00e2ndia tanto de Stalin quanto de Hitler \u2013 uma fa\u00e7anha imensa. Assim, mesmo tendo tido que lidar com press\u00f5es no casamento e por parte dos amigos, Mannerheim ter\u00e1, para sempre, a lembran\u00e7a e a gratid\u00e3o da sua p\u00e1tria pela sua lideran\u00e7a perspicaz e pela sua dedica\u00e7\u00e3o incans\u00e1vel\u201d.<\/p>\n<p>\u00c9 uma grande hist\u00f3ria. \u00c9 como assistir a um homem na corda bamba segurando toda a sua fam\u00edlia pela m\u00e3o. Se ele cai, todo mundo morre. Mannerheim segurou todo o seu pa\u00eds. Se esse homem tivesse falhado, a Finl\u00e2ndia teria ca\u00eddo nas garras ou de uma ou de outra das piores tiranias da hist\u00f3ria.<\/p>\n<p>Talvez voc\u00ea esteja pensando: \u201cEspere um pouco. Por que esse cara \u00e9 t\u00e3o elogiado por ter feito o seu melhor numa situa\u00e7\u00e3o terrivelmente dif\u00edcil, enquanto o papa Pio XII continua sendo chamado de \u2018papa de Hitler\u2019 por ter feito o seu melhor praticamente na mesma situa\u00e7\u00e3o?\u201d.<\/p>\n<p>\u00c9 uma excelente pergunta.<\/p>\n<p>Eu enviei um rascunho de artigo sobre isto a William Doino, especialista em Pio XII, e ele me respondeu chamando a aten\u00e7\u00e3o para algumas diferen\u00e7as entre Mannerheim e o papa:<\/p>\n<p>\u201cAo contr\u00e1rio de Mannerheim, Pio XII sim falou publicamente contra os nazistas e seus assassinatos raciais em massa durante a guerra. Pio XII nunca se encontrou com Hitler e muito menos bancou o \u2018camarada\u2019 dele. Pio XII sim salvou muitos judeus, e, \u00e9 claro, Pio XII levou a cabo uma famosa tentativa de derrubar Hitler\u201d.<\/p>\n<p>Ent\u00e3o, cad\u00ea o tal \u201cpapa de Hitler\u201d? Pio XII n\u00e3o s\u00f3 trabalhou para derrubar Hitler, como chegou at\u00e9 mesmo a concordar que ele fosse morto. Hitler certamente n\u00e3o sentia carinho algum por Pio XII. Que \u201cpapa de Hitler\u201d \u00e9 esse?<\/p>\n<p>Doino observa ainda, em nota para mim, que \u201cPio XII foi um dos maiores inimigos de Hitler, coisa que, finalmente, est\u00e1 hoje sendo amplamente reconhecida\u201d. O especialista prev\u00ea que \u201cos preconceitos que ainda restam contra o papa ser\u00e3o todos superados\u201d. Eu espero que ele esteja certo, j\u00e1 que, por enquanto, ainda \u00e9 vastamente predominante entre acad\u00eamicos e jornalistas a falsa ideia de que Pio XII teria favorecido os nazistas.<\/p>\n<p>A resposta<\/p>\n<p>Voltemos \u00e0quela excelente pergunta: \u201cPor que esse cara \u00e9 t\u00e3o elogiado por ter feito o seu melhor numa situa\u00e7\u00e3o terrivelmente dif\u00edcil, enquanto o papa Pio XII continua sendo chamado de \u2018papa de Hitler\u2019 por ter feito o seu melhor praticamente na mesma situa\u00e7\u00e3o?\u201d.<\/p>\n<p>Porque Pio XII era cat\u00f3lico e papa.<\/p>\n<p>A lenda de que o papa tenha sido c\u00famplice de Hitler \u00e9 conveniente demais, em termos ideol\u00f3gicos, para que os \u201cevangelistas do laicismo\u201d desistam dela. E l\u00e1 v\u00e3o eles martelando que \u201co papa era um covarde! O papa n\u00e3o gostava de judeus! O papa manteve suas pr\u00f3prias costas quentes!\u201d. Num cen\u00e1rio em que predomina a cren\u00e7a nessas lorotas, quem se importa com o que o papa atual declara sobre moralidade?<\/p>\n<p>\u00c9 uma quest\u00e3o de leitura seletiva. A mesma coisa que \u00e9 considerada hero\u00edsmo no l\u00edder finland\u00eas \u00e9 considerada vilania no l\u00edder cat\u00f3lico. As complexas a\u00e7\u00f5es do primeiro s\u00e3o interpretadas dentro do contexto hist\u00f3rico; as complexas a\u00e7\u00f5es do segundo s\u00e3o tergiversadas com a pior leitura poss\u00edvel, que foca separadamente em cada coisa, tirando tudo de contexto. Ningu\u00e9m escreve sobre Mannerheim do jeito que eu escrevi no primeiro par\u00e1grafo. Mas quase todas as principais fontes laicas escrevem sobre Pio XII exatamente desse jeito.<\/p>\n<p>Imagine s\u00f3 os laicistas oportunistas escrevendo sobre Pio XII da forma como o site Ozy escreveu sobre o her\u00f3i nacional finland\u00eas: um l\u00edder astuto, de dedica\u00e7\u00e3o incans\u00e1vel, envolvido num jogo delicado de equil\u00edbrio, em acordos intricados para manter o inimigo em cheque, em rela\u00e7\u00f5es sagazes com os inimigos para salvar o que podia salvar. Sua reputa\u00e7\u00e3o atingiria propor\u00e7\u00f5es m\u00edticas. Por enquanto, por\u00e9m, espere sentado.<\/p>\n<p style=\"text-align: justify;\">\u00a0<\/p>\n<p style=\"text-align: justify;\">Fonte: Aleteia<\/p>\n","protected":false},"excerpt":{"rendered":"<p>Enquanto Pio XII \u00e9 execrado, Carl Gustaf Emil Mannerheim \u00e9 louvado \u2013 pelos mesmos motivos! Ele aliou seu pa\u00eds \u00e0 Alemanha nazista e nunca disse uma palavra em defesa dos judeus. Suas rela\u00e7\u00f5es com Hitler s\u00e3o descritas como \u201ccamaradas\u201d. Como mostra de apre\u00e7o por essa alian\u00e7a, Hitler lhe deu um Mercedes-Benz, que ele aceitou \u201cgraciosamente\u201d. [&hellip;]<\/p>\n","protected":false},"author":1,"featured_media":0,"comment_status":"open","ping_status":"open","sticky":false,"template":"","format":"standard","meta":{"footnotes":""},"categories":[4],"tags":[],"class_list":["post-14519","post","type-post","status-publish","format-standard","hentry","category-cotidiano"],"_links":{"self":[{"href":"https:\/\/catolicanet.net\/wp-cnet\/wp-json\/wp\/v2\/posts\/14519","targetHints":{"allow":["GET"]}}],"collection":[{"href":"https:\/\/catolicanet.net\/wp-cnet\/wp-json\/wp\/v2\/posts"}],"about":[{"href":"https:\/\/catolicanet.net\/wp-cnet\/wp-json\/wp\/v2\/types\/post"}],"author":[{"embeddable":true,"href":"https:\/\/catolicanet.net\/wp-cnet\/wp-json\/wp\/v2\/users\/1"}],"replies":[{"embeddable":true,"href":"https:\/\/catolicanet.net\/wp-cnet\/wp-json\/wp\/v2\/comments?post=14519"}],"version-history":[{"count":1,"href":"https:\/\/catolicanet.net\/wp-cnet\/wp-json\/wp\/v2\/posts\/14519\/revisions"}],"predecessor-version":[{"id":26016,"href":"https:\/\/catolicanet.net\/wp-cnet\/wp-json\/wp\/v2\/posts\/14519\/revisions\/26016"}],"wp:attachment":[{"href":"https:\/\/catolicanet.net\/wp-cnet\/wp-json\/wp\/v2\/media?parent=14519"}],"wp:term":[{"taxonomy":"category","embeddable":true,"href":"https:\/\/catolicanet.net\/wp-cnet\/wp-json\/wp\/v2\/categories?post=14519"},{"taxonomy":"post_tag","embeddable":true,"href":"https:\/\/catolicanet.net\/wp-cnet\/wp-json\/wp\/v2\/tags?post=14519"}],"curies":[{"name":"wp","href":"https:\/\/api.w.org\/{rel}","templated":true}]}}