{"id":14515,"date":"2016-05-12T14:02:11","date_gmt":"2016-05-12T17:02:11","guid":{"rendered":"http:\/\/catolicanet.net\/wp-cnet\/2016\/05\/12\/igreja-jornada-nacional-da-pastoral-da-cultura-vai-debater-relacao-lentre-cultura-e-economiar\/"},"modified":"2017-05-31T10:47:56","modified_gmt":"2017-05-31T13:47:56","slug":"igreja-jornada-nacional-da-pastoral-da-cultura-vai-debater-relacao-lentre-cultura-e-economiar","status":"publish","type":"post","link":"https:\/\/catolicanet.net\/wp-cnet\/igreja-jornada-nacional-da-pastoral-da-cultura-vai-debater-relacao-lentre-cultura-e-economiar\/","title":{"rendered":"Igreja: Jornada Nacional da Pastoral da Cultura vai debater rela\u00e7\u00e3o \u00abentre cultura e economia\u00bb"},"content":{"rendered":"<p style=\"text-align: justify;\"><img decoding=\"async\" src=\"http:\/\/catolicanet.com.br\/images\/stories\/noticias\/jornada_pastoral_cultura.jpg\" border=\"0\" align=\"left\" \/>Iniciativa de dia 4 de junho, em F\u00e1tima, conta com a participa\u00e7\u00e3o do conselheiro de Estado Ant\u00f4nio Lobo Xavier<\/p>\n<p>A 12.\u00aa Jornada Nacional da Pastoral da Cultura, da Igreja Cat\u00f3lica, vai debater no dia 4 de junho, em F\u00e1tima, as &#8220;converg\u00eancias&#8221; entre cultura e economia, as suas \u201cimplica\u00e7\u00f5es e desafios\u201d.<\/p>\n<p>Numa nota enviada hoje \u00e0 Ag\u00eancia ECCLESIA, o Secretariado Nacional da Pastoral da Cultura explica que o principal objetivo \u00e9 abordar a mat\u00e9ria sob \u201cuma perspectiva crist\u00e3\u201d, percebendo \u201cas inerentes quest\u00f5es \u00e9ticas e sociais e apontando novas infer\u00eancias sobre uma fecunda intera\u00e7\u00e3o dos dois dom\u00ednios\u201d.<\/p>\n<p>\u201cEconomia e cultura vivem ou sobrevivem em campos distintos e em regimes contrapostos, ou ser\u00e1 que vida econ\u00f4mica e vida cultural se entrela\u00e7am?\u201d, questiona a organiza\u00e7\u00e3o, que real\u00e7a depois os oradores que v\u00e3o participar na discuss\u00e3o.<\/p>\n<p>Entre \u201cespecialistas\u201d de v\u00e1rias \u00e1reas profissionais, \u201cdesde a investiga\u00e7\u00e3o acad\u00eamica ao mundo empresarial\u201d, o programa do evento vai contar com a participa\u00e7\u00e3o do atual conselheiro de Estado Antonio Lobo Xavier.<\/p>\n<p>Destaque tamb\u00e9m para a presen\u00e7a entre os oradores de Catarina Vaz Pinto e Ant\u00f4nio Jos\u00e9 Gomes de Pinho, antigos secret\u00e1rios de Estado da Cultura.<\/p>\n<p>Durante a iniciativa, vai ser ainda exibida a curta-metragem &#8220;Ascens\u00e3o&#8221;, vencedora do premio \u00c1rvore da Vida 2016, um galard\u00e3o atribu\u00eddo pela Igreja Cat\u00f3lica no festival de cinema IndieLisboa.<\/p>\n<p>O filme, selecionado para a Semana da Cr\u00edtica do Festival de Cannes, vai ser apresentado pelo seu realizador, Pedro Peralta.<\/p>\n<p>A abertura da jornada, no dia 4 de junho na Casa \u2018Domus Carmeli\u2019, em F\u00e1tima, vai ser feita pelo presidente da Comiss\u00e3o Episcopal da Cultura, Bens Culturais e Comunica\u00e7\u00f5es Sociais, D. Pio Alves, bispo auxiliar do Porto.<\/p>\n<p>As pr\u00e9-inscri\u00e7\u00f5es, que j\u00e1 est\u00e3o a decorrer, podem ser feitas na p\u00e1gina do Secretariado Nacional da Pastoral da Cultura, em www.snpcultura.org, ou atrav\u00e9s do endere\u00e7o de correio eletr\u00f3nico snpcultura@gmail.com.<\/p>\n<p style=\"text-align: justify;\">\u00a0<\/p>\n<p style=\"text-align: justify;\">Fonte: Ag\u00eancia Ecclesia<\/p>\n","protected":false},"excerpt":{"rendered":"<p>Iniciativa de dia 4 de junho, em F\u00e1tima, conta com a participa\u00e7\u00e3o do conselheiro de Estado Ant\u00f4nio Lobo Xavier A 12.\u00aa Jornada Nacional da Pastoral da Cultura, da Igreja Cat\u00f3lica, vai debater no dia 4 de junho, em F\u00e1tima, as &#8220;converg\u00eancias&#8221; entre cultura e economia, as suas \u201cimplica\u00e7\u00f5es e desafios\u201d. Numa nota enviada hoje \u00e0 [&hellip;]<\/p>\n","protected":false},"author":1,"featured_media":0,"comment_status":"open","ping_status":"open","sticky":false,"template":"","format":"standard","meta":{"footnotes":""},"categories":[4],"tags":[],"class_list":["post-14515","post","type-post","status-publish","format-standard","hentry","category-cotidiano"],"_links":{"self":[{"href":"https:\/\/catolicanet.net\/wp-cnet\/wp-json\/wp\/v2\/posts\/14515","targetHints":{"allow":["GET"]}}],"collection":[{"href":"https:\/\/catolicanet.net\/wp-cnet\/wp-json\/wp\/v2\/posts"}],"about":[{"href":"https:\/\/catolicanet.net\/wp-cnet\/wp-json\/wp\/v2\/types\/post"}],"author":[{"embeddable":true,"href":"https:\/\/catolicanet.net\/wp-cnet\/wp-json\/wp\/v2\/users\/1"}],"replies":[{"embeddable":true,"href":"https:\/\/catolicanet.net\/wp-cnet\/wp-json\/wp\/v2\/comments?post=14515"}],"version-history":[{"count":1,"href":"https:\/\/catolicanet.net\/wp-cnet\/wp-json\/wp\/v2\/posts\/14515\/revisions"}],"predecessor-version":[{"id":26020,"href":"https:\/\/catolicanet.net\/wp-cnet\/wp-json\/wp\/v2\/posts\/14515\/revisions\/26020"}],"wp:attachment":[{"href":"https:\/\/catolicanet.net\/wp-cnet\/wp-json\/wp\/v2\/media?parent=14515"}],"wp:term":[{"taxonomy":"category","embeddable":true,"href":"https:\/\/catolicanet.net\/wp-cnet\/wp-json\/wp\/v2\/categories?post=14515"},{"taxonomy":"post_tag","embeddable":true,"href":"https:\/\/catolicanet.net\/wp-cnet\/wp-json\/wp\/v2\/tags?post=14515"}],"curies":[{"name":"wp","href":"https:\/\/api.w.org\/{rel}","templated":true}]}}