{"id":14505,"date":"2016-05-11T17:13:47","date_gmt":"2016-05-11T20:13:47","guid":{"rendered":"http:\/\/catolicanet.net\/wp-cnet\/2016\/05\/11\/alunos-do-colegio-marista-paranaense-mobilizam-ilha-do-mel-contra-aedes-aegypti\/"},"modified":"2017-05-30T09:01:57","modified_gmt":"2017-05-30T12:01:57","slug":"alunos-do-colegio-marista-paranaense-mobilizam-ilha-do-mel-contra-aedes-aegypti","status":"publish","type":"post","link":"https:\/\/catolicanet.net\/wp-cnet\/alunos-do-colegio-marista-paranaense-mobilizam-ilha-do-mel-contra-aedes-aegypti\/","title":{"rendered":"Alunos do Col\u00e9gio Marista Paranaense mobilizam Ilha do Mel contra Aedes Aegypti"},"content":{"rendered":"<p style=\"text-align: justify;\"><img decoding=\"async\" src=\"http:\/\/catolicanet.com.br\/images\/stories\/noticias\/ilha-do-mel-2016-3.jpg\" border=\"0\" align=\"left\" \/>No s\u00e1bado, 30 de abril, cerca de 100 alunos do Col\u00e9gio Marista Paranaense visitaram a Ilha do Mel para participar de uma campanha de preven\u00e7\u00e3o ao mosquito Aedes Aegypti e tamb\u00e9m de coleta de lixo e an\u00e1lise socioambiental da reserva.<\/p>\n<p>Sair da rotina da cidade e entrar em contato com a natureza, mas tamb\u00e9m discutir quest\u00f5es ambientais, s\u00e3o as propostas do projeto desenvolvido na Ilha do Mel com os alunos da 2\u00aa s\u00e9rie do Ensino M\u00e9dio do Col\u00e9gio Marista Paranaense. Liderada pelos professores de biologia Ant\u00f4nio In\u00e1cio Souza e S\u00e9rgio Coraiola, a visita \u00e9 realizada h\u00e1 cinco anos com o objetivo de conhecer o patrim\u00f4nio ambiental da regi\u00e3o, compreender os diferentes aspectos da interfer\u00eancia humana no ecossistema, e contribuir para a preserva\u00e7\u00e3o da reserva.<\/p>\n<p>\u201cVamos possibilitar que os alunos conhe\u00e7am um patrim\u00f4nio do estado que est\u00e1 t\u00e3o perto de n\u00f3s, mas n\u00e3o como turismo e sim refletindo sobre os impactos da a\u00e7\u00e3o humana no meio ambiente. Al\u00e9m disso, o projeto possibilita que eles saiam da sala de aula, do computador, para entrar em contato com a natureza, fazendo atividade f\u00edsica\u201d, explica Ant\u00f4nio In\u00e1cio Souza, professor de biologia do Col\u00e9gio Marista Paranaense.<\/p>\n<p>Neste ano, ao chegarem no local, os estudantes participaram de uma campanha de conscientiza\u00e7\u00e3o, entregando panfletos aos turistas e moradores da Ilha do Mel sobre a preven\u00e7\u00e3o contra os focos de prolifera\u00e7\u00e3o do mosquito Aedes Aegypti, transmissor da dengue, febre amarela, chikungunya e zika v\u00edrus.<\/p>\n<p>Em seguida, durante a visita, os jovens fizeram uma caminhada de cerca de 13 km para conhecer o ecossistema local, produzindo relat\u00f3rios e registrando o espa\u00e7o por meio de fotos e v\u00eddeos. Em todo o percurso, o grupo recolheu o lixo que encontraram jogado indevidamente no local. Eles foram recolhidos e depois acumulados para uma reflex\u00e3o sobre a o impacto do turismo na reserva ambiental.\u00a0 \u201cQueremos que os alunos se integrem com a natureza e se conscientizem da import\u00e2ncia da conserva\u00e7\u00e3o ambiental\u201d, explica In\u00e1cio.<\/p>\n<p>Por Comunica\u00e7\u00e3o Marista<\/p>\n<p style=\"text-align: justify;\">\u00a0<\/p>\n<p style=\"text-align: justify;\">Fonte: Jovens Conectados<\/p>\n","protected":false},"excerpt":{"rendered":"<p>No s\u00e1bado, 30 de abril, cerca de 100 alunos do Col\u00e9gio Marista Paranaense visitaram a Ilha do Mel para participar de uma campanha de preven\u00e7\u00e3o ao mosquito Aedes Aegypti e tamb\u00e9m de coleta de lixo e an\u00e1lise socioambiental da reserva. Sair da rotina da cidade e entrar em contato com a natureza, mas tamb\u00e9m discutir [&hellip;]<\/p>\n","protected":false},"author":1,"featured_media":0,"comment_status":"open","ping_status":"open","sticky":false,"template":"","format":"standard","meta":{"footnotes":""},"categories":[4],"tags":[],"class_list":["post-14505","post","type-post","status-publish","format-standard","hentry","category-cotidiano"],"_links":{"self":[{"href":"https:\/\/catolicanet.net\/wp-cnet\/wp-json\/wp\/v2\/posts\/14505","targetHints":{"allow":["GET"]}}],"collection":[{"href":"https:\/\/catolicanet.net\/wp-cnet\/wp-json\/wp\/v2\/posts"}],"about":[{"href":"https:\/\/catolicanet.net\/wp-cnet\/wp-json\/wp\/v2\/types\/post"}],"author":[{"embeddable":true,"href":"https:\/\/catolicanet.net\/wp-cnet\/wp-json\/wp\/v2\/users\/1"}],"replies":[{"embeddable":true,"href":"https:\/\/catolicanet.net\/wp-cnet\/wp-json\/wp\/v2\/comments?post=14505"}],"version-history":[{"count":1,"href":"https:\/\/catolicanet.net\/wp-cnet\/wp-json\/wp\/v2\/posts\/14505\/revisions"}],"predecessor-version":[{"id":24357,"href":"https:\/\/catolicanet.net\/wp-cnet\/wp-json\/wp\/v2\/posts\/14505\/revisions\/24357"}],"wp:attachment":[{"href":"https:\/\/catolicanet.net\/wp-cnet\/wp-json\/wp\/v2\/media?parent=14505"}],"wp:term":[{"taxonomy":"category","embeddable":true,"href":"https:\/\/catolicanet.net\/wp-cnet\/wp-json\/wp\/v2\/categories?post=14505"},{"taxonomy":"post_tag","embeddable":true,"href":"https:\/\/catolicanet.net\/wp-cnet\/wp-json\/wp\/v2\/tags?post=14505"}],"curies":[{"name":"wp","href":"https:\/\/api.w.org\/{rel}","templated":true}]}}