{"id":14504,"date":"2016-05-11T14:16:58","date_gmt":"2016-05-11T17:16:58","guid":{"rendered":"http:\/\/catolicanet.net\/wp-cnet\/2016\/05\/11\/americaequador-o-arcebispo-de-portoviejo-acolhimento-e-misericordia-para-vencer-o-desanimo\/"},"modified":"2017-05-31T10:50:16","modified_gmt":"2017-05-31T13:50:16","slug":"americaequador-o-arcebispo-de-portoviejo-acolhimento-e-misericordia-para-vencer-o-desanimo","status":"publish","type":"post","link":"https:\/\/catolicanet.net\/wp-cnet\/americaequador-o-arcebispo-de-portoviejo-acolhimento-e-misericordia-para-vencer-o-desanimo\/","title":{"rendered":"AM\u00c9RICA\/EQUADOR &#8211; O Arcebispo de Portoviejo: \u201cAcolhimento e Miseric\u00f3rdia\u201d para vencer o des\u00e2nimo"},"content":{"rendered":"<p style=\"text-align: justify;\"><img decoding=\"async\" src=\"http:\/\/catolicanet.com.br\/images\/stories\/noticias\/primopiano_1648.jpg\" border=\"0\" align=\"left\" \/>Portoviejo (Ag\u00eancia Fides) &#8211; \u201cA experi\u00eancia do terremoto foi realmente um grande trauma para todos, mas especialmente para as muitas fam\u00edlias que perderam seus parentes. Penso naquele pai de Manta que perdeu a esposa, seus dois filhos, a sogra e um sobrinho ou naquela fam\u00edlia que foi morta enquanto o pai tentava colocar todos no carro para se salvar: a casa situada no local em que o carro tinha parado, desabou e enterrou todos. Trag\u00e9dia, dor e morte pegaram todos n\u00f3s despreparados. Ficamos durante dias e dias at\u00f4nitos, incr\u00e9dulos, sempre \u00e0 espera de mais uma not\u00edcia tr\u00e1gica.\u201d Foi o que escreveu \u00e0 Ag\u00eancia Fides o Arcebispo de Portoviejo, Dom Louren\u00e7o Voltolini, descrevendo os acontecimentos causados pelo terremoto de 7,8 graus na escala Richter que \u00e0s 19h de s\u00e1bado, 16 de abril, devastou o Equador (veja Fides 18,20,29\/4\/2016; 6\/5\/21016).<br \/>\u201cA for\u00e7a s\u00edsmica imensa destruiu casas, hot\u00e9is, igrejas, casas paroquiais, escolas, universidades, edif\u00edcios p\u00fablicos, comerciais e sociais. Todos no espa\u00e7o de 50 segundos de dura\u00e7\u00e3o. E depois um sil\u00eancio de morte\u201d, disse Dom Voltolini. \u201cA trag\u00e9dia poderia ter sido certamente muito maior se o desastre tivesse acontecido num outro dia e numa outra hora. Muitas pessoas v\u00e3o \u00e0 missa no s\u00e1bado que come\u00e7a, em geral, \u00e0s 19h ou 19h30. Eu estava na capela de um bairro na periferia da cidade de Portoviejo. Eu tinha acabado de celebrar a missa. Estava na sacristia. A for\u00e7a do movimento foi t\u00e3o grande que, para n\u00e3o cair, eu tive que me segurar nos batentes da porta. Os fi\u00e9is que ainda estavam na igreja ca\u00edram no ch\u00e3o, e a eletricidade faltou no primeiro tremor\u201d.<br \/>O arcebispo conta que \u201cv\u00e1rias igrejas foram muito danificadas. Algumas sem possibilidade de reestrutura\u00e7\u00e3o dever\u00e3o ser destru\u00eddas completamente. Outras dever\u00e3o ser colocadas em seguran\u00e7a, mas com custos enormes. Muitas escolas e cl\u00ednicas foram devastadas, algumas desabaram totalmente\u201d.<br \/>A Igreja, desde o in\u00edcio, tem feito o poss\u00edvel para acolher os desabrigados, distribuir \u00e1gua e alimentos aos mais necessitados. A casa do bispo, que resistiu ao terremoto, se transformou num hospital. \u201cO \u2018Banco de Alimentos\u2019 nos mandou imediatamente um recipiente imenso de \u00e1gua e alimento\u201d, prossegue Dom Voltolini. Os primeiros a descarregar foram os sacerdotes, p\u00e1rocos da cidade de Portoviejo, depois foram chegando tamb\u00e9m os volunt\u00e1rios. O exemplo de muitos sacerdotes foi realmente bonito e corajoso. Nas cidades mais pequenas os p\u00e1rocos foram, e ainda s\u00e3o, os verdadeiros organizadores dos socorros, antes mesmo que chegasse o Estado. A rede de catequistas e mensageiros conhece bem as necessidades e sabe quem se encontra na indig\u00eancia. Por isso, as nossas ajudas, como Igreja, chegaram sem repeti\u00e7\u00f5es e sem acumula\u00e7\u00e3o. Os volunt\u00e1rios foram realmente bons e eficientes\u201d.<br \/>O Arcebispo releva que tamb\u00e9m a organiza\u00e7\u00e3o estatal fez a sua parte, fornecendo luz, meios para a retirada dos escombros e avalia\u00e7\u00f5es sobre a estabilidade dos edif\u00edcios, todavia em algumas ocasi\u00f5es disse \u00e0s autoridades que a Igreja gostaria de gozar de mais liberdade \u201cpara fazer o bem\u201d, em distribuir os g\u00eaneros de primeira necessidade mediante as par\u00f3quias e as pequenas comunidades.<br \/>\u201cN\u00e3o nos esque\u00e7am \u2013 pediu o Arcebispo de Portoviejo \u2013, precisaremos de voc\u00eas quando iniciaremos a reconstru\u00e7\u00e3o, que n\u00e3o ser\u00e1 somente de colunas, tijolos e cimento, mas de fam\u00edlias, par\u00f3quias, novas rela\u00e7\u00f5es humanas nascidas no estilo e segundo as exig\u00eancias do Evangelho\u201d. E destaca que o lema do plano pastoral \u00e9 \u201cAcolhimento e Miseric\u00f3rdia\u201d. \u201cN\u00e3o o mudamos \u2013 explicou -, porque nos pareceu o mais apropriado para viver e vencer a tenta\u00e7\u00e3o do desencorajamento\u201d.<\/p>\n<p style=\"text-align: justify;\">Fonte: Ag\u00eancia Fides<\/p>\n","protected":false},"excerpt":{"rendered":"<p>Portoviejo (Ag\u00eancia Fides) &#8211; \u201cA experi\u00eancia do terremoto foi realmente um grande trauma para todos, mas especialmente para as muitas fam\u00edlias que perderam seus parentes. Penso naquele pai de Manta que perdeu a esposa, seus dois filhos, a sogra e um sobrinho ou naquela fam\u00edlia que foi morta enquanto o pai tentava colocar todos no [&hellip;]<\/p>\n","protected":false},"author":1,"featured_media":0,"comment_status":"open","ping_status":"open","sticky":false,"template":"","format":"standard","meta":{"footnotes":""},"categories":[4],"tags":[],"class_list":["post-14504","post","type-post","status-publish","format-standard","hentry","category-cotidiano"],"_links":{"self":[{"href":"https:\/\/catolicanet.net\/wp-cnet\/wp-json\/wp\/v2\/posts\/14504","targetHints":{"allow":["GET"]}}],"collection":[{"href":"https:\/\/catolicanet.net\/wp-cnet\/wp-json\/wp\/v2\/posts"}],"about":[{"href":"https:\/\/catolicanet.net\/wp-cnet\/wp-json\/wp\/v2\/types\/post"}],"author":[{"embeddable":true,"href":"https:\/\/catolicanet.net\/wp-cnet\/wp-json\/wp\/v2\/users\/1"}],"replies":[{"embeddable":true,"href":"https:\/\/catolicanet.net\/wp-cnet\/wp-json\/wp\/v2\/comments?post=14504"}],"version-history":[{"count":1,"href":"https:\/\/catolicanet.net\/wp-cnet\/wp-json\/wp\/v2\/posts\/14504\/revisions"}],"predecessor-version":[{"id":26023,"href":"https:\/\/catolicanet.net\/wp-cnet\/wp-json\/wp\/v2\/posts\/14504\/revisions\/26023"}],"wp:attachment":[{"href":"https:\/\/catolicanet.net\/wp-cnet\/wp-json\/wp\/v2\/media?parent=14504"}],"wp:term":[{"taxonomy":"category","embeddable":true,"href":"https:\/\/catolicanet.net\/wp-cnet\/wp-json\/wp\/v2\/categories?post=14504"},{"taxonomy":"post_tag","embeddable":true,"href":"https:\/\/catolicanet.net\/wp-cnet\/wp-json\/wp\/v2\/tags?post=14504"}],"curies":[{"name":"wp","href":"https:\/\/api.w.org\/{rel}","templated":true}]}}