{"id":14501,"date":"2016-05-11T13:02:01","date_gmt":"2016-05-11T16:02:01","guid":{"rendered":"http:\/\/catolicanet.net\/wp-cnet\/2016\/05\/11\/santuario-inicia-novena-em-preparacao-para-a-festa-do-pai-das-misericordias\/"},"modified":"2017-05-31T10:50:18","modified_gmt":"2017-05-31T13:50:18","slug":"santuario-inicia-novena-em-preparacao-para-a-festa-do-pai-das-misericordias","status":"publish","type":"post","link":"https:\/\/catolicanet.net\/wp-cnet\/santuario-inicia-novena-em-preparacao-para-a-festa-do-pai-das-misericordias\/","title":{"rendered":"Santu\u00e1rio Inicia novena em prepara\u00e7\u00e3o para a Festa do Pai das Miseric\u00f3rdias"},"content":{"rendered":"<p style=\"text-align: justify;\"><img decoding=\"async\" src=\"http:\/\/catolicanet.com.br\/images\/stories\/noticias\/202e44b11e01.jpg\" border=\"0\" align=\"left\" \/>O Fundador da Comunidade Can\u00e7\u00e3o Nova, Monsenhor Jonas Abib, missa presidir\u00e1 nenhuma domingo (22\/05), A PARTIR 15h das<\/p>\n<p>Comeca Nesta sexta-feira (13\/05), no Santu\u00e1rio do Pai das Miseric\u00f3rdias, na Can\u00e7\u00e3o Nova, em Cachoeira Paulista (SP), a Primeira novena em PREPARACAO Paragrafo a Festa do Pai das Miseric\u00f3rdias, Que acontecer\u00e1 dia 22 de maio, OS Dados Que a Igreja celebra a Sant\u00edssima Trindade. S\u00e3o esperadas 18 mil PESSOAS.<\/p>\n<p>O bispo da Diocese de de Lorena, Dom Jo\u00e3o In\u00e1cio M\u00fcller, presidir\u00e1 a missa de abertura da novena, Que ter\u00e1 Uma Participa\u00e7\u00e3o do Coral Can\u00e7\u00e3o Nova. A Novena Sera, rezada em Todas Como Missas celebradas no Santu\u00e1rio, de forma Mais solene na jornal jornal \u00daltima Eucaristia de dia cada um, um Partir das 20h. EXCETO Nenhum dia Terceiro (15\/05), \u00e0s 18h Que uma Celebra\u00e7\u00e3o Sera como, com o Bispo Em\u00e9rito Diocesano, Dom Benedito Beni, e N\u00c3O s\u00e1bado (21\/05) Que anteceder \u00e0 Festa, que Ser\u00e1 presidida Cabelo o vice-reitor-se Santu\u00e1rio do Pai das Miseric\u00f3rdias, padre Marcio Prado, 16h Conforme.<\/p>\n<p>Padre Marcio Destaca que Pela Primeira Vez uma Can\u00e7\u00e3o Nova realizar\u00e1 Uma Novena do Pai das Miseric\u00f3rdias, na Festa da Sant\u00edssima Trindade: &#8220;\u00c9 ASSIM que Queremos comemorar ESSA Festa, Reunidos Pelo amor de Deus Pai, Que Amou tanto a Cada pessoa POR Meio de Seu Filho Jesus na cruz e nsa deu Consola\u00e7\u00e3o UMA do Esp\u00edrito Santo, Que reaviva SUA Igreja &#8220;. <\/p>\n<p>N\u00bas dias 20 e 21 de maio haver\u00e1 Uma Apresenta\u00e7\u00e3o do ESPET\u00c1CULO musical &#8220;Perfei\u00e7\u00e3o&#8221;, da Cia de Artes Shalom, N\u00e3o Rinc\u00e3o do Meu Senhor ( Hor\u00e1rios na Programa\u00e7\u00e3o ).\u00a0 <\/p>\n<p>No domingo (22\/05), Di\u00e2metro da Festa do Pai das Miseric\u00f3rdias, Uma missa solene Sera \u00c0s 15h, presidida Cabelo Fundador da Comunidade Can\u00e7\u00e3o Nova, Monsenhor Jonas Abib. Ao final, da Celebra\u00e7\u00e3o, Serao aben\u00e7oados OS Quadros com a Imagem do Pai das Miseric\u00f3rdias. tambem haver\u00e1 OUTRAS missa \u00c0s 7h, \u00e0s 12h e As 18 h. A Programa\u00e7\u00e3o do Dia AINDA Traz palestra e momento de Adora\u00e7\u00e3o Ao Sant\u00edssimo Sacramento.<\/p>\n<p>Como o Santu\u00e1rio E UMA &#8220;igreja jubilar&#8221;, Como PESSOAS poder\u00e3o Fazer SUA Peregrina\u00e7\u00e3o, ENTRAR Pela Porta da Miseric\u00f3rdia e Receber Uma indulg\u00eancia plen\u00e1ria neste ano Santo.<\/p>\n<p>Servi\u00e7o<br \/>Evento: Novena e Festa do Pai das Miseric\u00f3rdias &#8211; Tema: &#8220;misericordiosos Sede, Como tamb\u00e9m Vosso Pai E misericordioso.&#8221; (Lc 6,36)<br \/>Dados: 13 a 21 de maio de 2016<br \/>Local: Santu\u00e1rio do Pai das Miseric\u00f3rdias, na Can\u00e7\u00e3o Nova<br \/>Endereco: Av. Jo\u00e3o Paulo II, s \/ n, Alto da Bela Vista &#8211; Cachoeira Paulista (SP)<br \/>Entrada: Gratuita<\/p>\n<p>A Programa\u00e7\u00e3o completa da Novena e da Festa do N\u00c3O Pai das Miseric\u00f3rdias EST\u00c1 Dispon\u00edvel link: http:\/\/santuario.cancaonova.com\/atividades\/novena-e-festa-do-pai-das-misericordias-dia-22-de-maio\/<\/p>\n<p>MAIS INFORMA\u00c7\u00d5ES: Assessoria de Imprensa Can\u00e7\u00e3o Nova<br \/>assessoria.cancaonova.com<br \/>Tel.: (12) 3186-2086 \/ 7898-1597 \/ ID: 139 * 1435<\/p>\n","protected":false},"excerpt":{"rendered":"<p>O Fundador da Comunidade Can\u00e7\u00e3o Nova, Monsenhor Jonas Abib, missa presidir\u00e1 nenhuma domingo (22\/05), A PARTIR 15h das Comeca Nesta sexta-feira (13\/05), no Santu\u00e1rio do Pai das Miseric\u00f3rdias, na Can\u00e7\u00e3o Nova, em Cachoeira Paulista (SP), a Primeira novena em PREPARACAO Paragrafo a Festa do Pai das Miseric\u00f3rdias, Que acontecer\u00e1 dia 22 de maio, OS Dados [&hellip;]<\/p>\n","protected":false},"author":1,"featured_media":0,"comment_status":"open","ping_status":"open","sticky":false,"template":"","format":"standard","meta":{"footnotes":""},"categories":[4],"tags":[],"class_list":["post-14501","post","type-post","status-publish","format-standard","hentry","category-cotidiano"],"_links":{"self":[{"href":"https:\/\/catolicanet.net\/wp-cnet\/wp-json\/wp\/v2\/posts\/14501","targetHints":{"allow":["GET"]}}],"collection":[{"href":"https:\/\/catolicanet.net\/wp-cnet\/wp-json\/wp\/v2\/posts"}],"about":[{"href":"https:\/\/catolicanet.net\/wp-cnet\/wp-json\/wp\/v2\/types\/post"}],"author":[{"embeddable":true,"href":"https:\/\/catolicanet.net\/wp-cnet\/wp-json\/wp\/v2\/users\/1"}],"replies":[{"embeddable":true,"href":"https:\/\/catolicanet.net\/wp-cnet\/wp-json\/wp\/v2\/comments?post=14501"}],"version-history":[{"count":1,"href":"https:\/\/catolicanet.net\/wp-cnet\/wp-json\/wp\/v2\/posts\/14501\/revisions"}],"predecessor-version":[{"id":26026,"href":"https:\/\/catolicanet.net\/wp-cnet\/wp-json\/wp\/v2\/posts\/14501\/revisions\/26026"}],"wp:attachment":[{"href":"https:\/\/catolicanet.net\/wp-cnet\/wp-json\/wp\/v2\/media?parent=14501"}],"wp:term":[{"taxonomy":"category","embeddable":true,"href":"https:\/\/catolicanet.net\/wp-cnet\/wp-json\/wp\/v2\/categories?post=14501"},{"taxonomy":"post_tag","embeddable":true,"href":"https:\/\/catolicanet.net\/wp-cnet\/wp-json\/wp\/v2\/tags?post=14501"}],"curies":[{"name":"wp","href":"https:\/\/api.w.org\/{rel}","templated":true}]}}