{"id":14499,"date":"2016-05-11T12:42:25","date_gmt":"2016-05-11T15:42:25","guid":{"rendered":"http:\/\/catolicanet.net\/wp-cnet\/2016\/05\/11\/trem-a-vapor-levara-500-peregrinos-ao-vaticano\/"},"modified":"2017-06-02T14:33:55","modified_gmt":"2017-06-02T17:33:55","slug":"trem-a-vapor-levara-500-peregrinos-ao-vaticano","status":"publish","type":"post","link":"https:\/\/catolicanet.net\/wp-cnet\/trem-a-vapor-levara-500-peregrinos-ao-vaticano\/","title":{"rendered":"Trem a vapor levar\u00e1 500 peregrinos ao Vaticano"},"content":{"rendered":"<p style=\"text-align: justify;\"><img decoding=\"async\" src=\"http:\/\/catolicanet.com.br\/images\/stories\/noticias\/afp4509211_articolo.jpg\" border=\"0\" align=\"left\" \/>Um trem a vapor dos anos 30, estacionado na Esta\u00e7\u00e3o Termini de Roma, levar\u00e1 ao Vaticano no s\u00e1bado, 21 de maio, 500 \u201cpassageiros especiais\u201d que ter\u00e3o a oportunidade de atravessar a Porta Santa. A iniciativa \u00e9 da associa\u00e7\u00e3o CasAmica. Entre os passageiros, estar\u00e3o os \u201cperegrinos da sa\u00fade\u201d, acolhidos na ONG e em outras associa\u00e7\u00f5es.<\/p>\n<p>Ap\u00f3s chegarem ao Vaticano, os peregrinos receber\u00e3o a sauda\u00e7\u00e3o e a b\u00ean\u00e7\u00e3o do Cardeal Gianfranco Ravasi diante da Piet\u00e0 de Michelangelo e ter\u00e3o a oportunidade de visitar os Jardins Vaticanos e o Museu da R\u00e1dio Vaticano e participar do Simp\u00f3sio \u201cA Beleza salvar\u00e1 o mundo, salvemos a beleza\u201d, que ter\u00e1 a participa\u00e7\u00e3o do Ministro dos Bens e das Atividades Culturais Dario Franceschini e do Presidente do Pontif\u00edcio Conselho da Cultura, Cardeal Gianfranco Ravasi.<\/p>\n<p>\u201cPor ocasi\u00e3o do Ano Santo da Miseric\u00f3rdia, desejamos com esta iniciativa chamar a aten\u00e7\u00e3o do pa\u00eds e das Institui\u00e7\u00f5es para o grande sofrimento e dificuldade que encontram mais de 400 mil peregrinos da sa\u00fade a cada ano na It\u00e1lia &#8211; explica a Fundadora e Presidente da CasAmica, Lucia Vedani \u2013 obrigados a deixar a pr\u00f3pria casa para transferirem-se a outra cidade em busca de cuidados m\u00e9dicos de excel\u00eancia\u201d.<\/p>\n<p style=\"text-align: justify;\">\u00a0<\/p>\n<p style=\"text-align: justify;\">Fonte: R\u00e1dio Vaticano<\/p>\n","protected":false},"excerpt":{"rendered":"<p>Um trem a vapor dos anos 30, estacionado na Esta\u00e7\u00e3o Termini de Roma, levar\u00e1 ao Vaticano no s\u00e1bado, 21 de maio, 500 \u201cpassageiros especiais\u201d que ter\u00e3o a oportunidade de atravessar a Porta Santa. A iniciativa \u00e9 da associa\u00e7\u00e3o CasAmica. Entre os passageiros, estar\u00e3o os \u201cperegrinos da sa\u00fade\u201d, acolhidos na ONG e em outras associa\u00e7\u00f5es. Ap\u00f3s [&hellip;]<\/p>\n","protected":false},"author":1,"featured_media":0,"comment_status":"open","ping_status":"open","sticky":false,"template":"","format":"standard","meta":{"footnotes":""},"categories":[3],"tags":[],"class_list":["post-14499","post","type-post","status-publish","format-standard","hentry","category-vaticano"],"_links":{"self":[{"href":"https:\/\/catolicanet.net\/wp-cnet\/wp-json\/wp\/v2\/posts\/14499","targetHints":{"allow":["GET"]}}],"collection":[{"href":"https:\/\/catolicanet.net\/wp-cnet\/wp-json\/wp\/v2\/posts"}],"about":[{"href":"https:\/\/catolicanet.net\/wp-cnet\/wp-json\/wp\/v2\/types\/post"}],"author":[{"embeddable":true,"href":"https:\/\/catolicanet.net\/wp-cnet\/wp-json\/wp\/v2\/users\/1"}],"replies":[{"embeddable":true,"href":"https:\/\/catolicanet.net\/wp-cnet\/wp-json\/wp\/v2\/comments?post=14499"}],"version-history":[{"count":1,"href":"https:\/\/catolicanet.net\/wp-cnet\/wp-json\/wp\/v2\/posts\/14499\/revisions"}],"predecessor-version":[{"id":28674,"href":"https:\/\/catolicanet.net\/wp-cnet\/wp-json\/wp\/v2\/posts\/14499\/revisions\/28674"}],"wp:attachment":[{"href":"https:\/\/catolicanet.net\/wp-cnet\/wp-json\/wp\/v2\/media?parent=14499"}],"wp:term":[{"taxonomy":"category","embeddable":true,"href":"https:\/\/catolicanet.net\/wp-cnet\/wp-json\/wp\/v2\/categories?post=14499"},{"taxonomy":"post_tag","embeddable":true,"href":"https:\/\/catolicanet.net\/wp-cnet\/wp-json\/wp\/v2\/tags?post=14499"}],"curies":[{"name":"wp","href":"https:\/\/api.w.org\/{rel}","templated":true}]}}