{"id":14498,"date":"2016-05-11T12:38:14","date_gmt":"2016-05-11T15:38:14","guid":{"rendered":"http:\/\/catolicanet.net\/wp-cnet\/2016\/05\/11\/papa-ao-brasil-harmonia-paz-oracao-e-dialogo-na-dificuldade\/"},"modified":"2017-06-02T11:38:15","modified_gmt":"2017-06-02T14:38:15","slug":"papa-ao-brasil-harmonia-paz-oracao-e-dialogo-na-dificuldade","status":"publish","type":"post","link":"https:\/\/catolicanet.net\/wp-cnet\/papa-ao-brasil-harmonia-paz-oracao-e-dialogo-na-dificuldade\/","title":{"rendered":"Papa ao Brasil: harmonia, paz, ora\u00e7\u00e3o e di\u00e1logo na dificuldade"},"content":{"rendered":"<p style=\"text-align: justify;\"><img decoding=\"async\" src=\"http:\/\/catolicanet.com.br\/images\/stories\/noticias\/ap3354817_articolo.jpg\" border=\"0\" align=\"left\" \/>Ao final da catequese desta quarta-feira, (11\/05), o Papa fez uma sauda\u00e7\u00e3o especial aos brasileiros, que vivem momentos pol\u00edticos conturbados:<\/p>\n<p>\u201cAo saudar voc\u00eas, peregrinos brasileiros, o meu pensamento vai \u00e0 sua amada na\u00e7\u00e3o. Nesses dias em que nos preparamos para Pentecostes, pe\u00e7o ao Senhor que derrame abundantemente os dons do Esp\u00edrito Santo para que, nesses momentos de dificuldade, o pa\u00eds caminhe pelas sendas da harmonia e da paz com a ajuda da ora\u00e7\u00e3o e do di\u00e1logo. Que a proximidade de Nossa Senhora Aparecida \u2013 que como uma boa m\u00e3e jamais abandona seus filhos \u2013 seja defesa e guia no caminho\u201d.<\/p>\n<p>O Papa Francisco est\u00e1 informado e acompanha a situa\u00e7\u00e3o pol\u00edtica brasileira por meio dos bispos da CNBB. Ao final da Assembleia, realizada em Aparecida em abril, a entidade emitiu uma nota a respeito.<\/p>\n<p>Na Audi\u00eancia Geral da semana passada, o Arcebispo do Rio de Janeiro, Cardeal Orani Jo\u00e3o Tempesta, teve a oportunidade de falar com o Pont\u00edfice sobre o tema. Dom Orani pedira ao Papa que rezasse pelo Brasil. Em resposta, Francisco disse que reza sempre pelo nosso pa\u00eds.<\/p>\n<p>A crise tamb\u00e9m esteve na pauta da audi\u00eancia privada que o Papa concedeu na ter\u00e7a-feira, (10\/05), \u00e0 atriz Let\u00edcia Sabatella e \u00e0 ju\u00edza substituta do Tribunal de Justi\u00e7a de S\u00e3o Paulo, Kenarik Boujikian.<\/p>\n<p>O Senado brasileiro vota nesta quarta-feira o parecer pela admissibilidade do processo de impeachment que, se aprovado, afastar\u00e1 a Presidente Dilma Rousseff temporariamente por 180 dias.<\/p>\n<p style=\"text-align: justify;\">\u00a0<\/p>\n<p style=\"text-align: justify;\">Fonte: r\u00e1dio Vaticano<\/p>\n","protected":false},"excerpt":{"rendered":"<p>Ao final da catequese desta quarta-feira, (11\/05), o Papa fez uma sauda\u00e7\u00e3o especial aos brasileiros, que vivem momentos pol\u00edticos conturbados: \u201cAo saudar voc\u00eas, peregrinos brasileiros, o meu pensamento vai \u00e0 sua amada na\u00e7\u00e3o. Nesses dias em que nos preparamos para Pentecostes, pe\u00e7o ao Senhor que derrame abundantemente os dons do Esp\u00edrito Santo para que, nesses [&hellip;]<\/p>\n","protected":false},"author":1,"featured_media":0,"comment_status":"open","ping_status":"open","sticky":false,"template":"","format":"standard","meta":{"footnotes":""},"categories":[3],"tags":[],"class_list":["post-14498","post","type-post","status-publish","format-standard","hentry","category-vaticano"],"_links":{"self":[{"href":"https:\/\/catolicanet.net\/wp-cnet\/wp-json\/wp\/v2\/posts\/14498","targetHints":{"allow":["GET"]}}],"collection":[{"href":"https:\/\/catolicanet.net\/wp-cnet\/wp-json\/wp\/v2\/posts"}],"about":[{"href":"https:\/\/catolicanet.net\/wp-cnet\/wp-json\/wp\/v2\/types\/post"}],"author":[{"embeddable":true,"href":"https:\/\/catolicanet.net\/wp-cnet\/wp-json\/wp\/v2\/users\/1"}],"replies":[{"embeddable":true,"href":"https:\/\/catolicanet.net\/wp-cnet\/wp-json\/wp\/v2\/comments?post=14498"}],"version-history":[{"count":1,"href":"https:\/\/catolicanet.net\/wp-cnet\/wp-json\/wp\/v2\/posts\/14498\/revisions"}],"predecessor-version":[{"id":28272,"href":"https:\/\/catolicanet.net\/wp-cnet\/wp-json\/wp\/v2\/posts\/14498\/revisions\/28272"}],"wp:attachment":[{"href":"https:\/\/catolicanet.net\/wp-cnet\/wp-json\/wp\/v2\/media?parent=14498"}],"wp:term":[{"taxonomy":"category","embeddable":true,"href":"https:\/\/catolicanet.net\/wp-cnet\/wp-json\/wp\/v2\/categories?post=14498"},{"taxonomy":"post_tag","embeddable":true,"href":"https:\/\/catolicanet.net\/wp-cnet\/wp-json\/wp\/v2\/tags?post=14498"}],"curies":[{"name":"wp","href":"https:\/\/api.w.org\/{rel}","templated":true}]}}