{"id":14492,"date":"2016-05-10T18:56:37","date_gmt":"2016-05-10T21:56:37","guid":{"rendered":"http:\/\/catolicanet.net\/wp-cnet\/2016\/05\/10\/china-pequim-protesta-contra-relatorio-dos-eua-que-aponta-para-a-falta-de-liberdade-religiosa-no-pais\/"},"modified":"2017-05-31T10:50:20","modified_gmt":"2017-05-31T13:50:20","slug":"china-pequim-protesta-contra-relatorio-dos-eua-que-aponta-para-a-falta-de-liberdade-religiosa-no-pais","status":"publish","type":"post","link":"https:\/\/catolicanet.net\/wp-cnet\/china-pequim-protesta-contra-relatorio-dos-eua-que-aponta-para-a-falta-de-liberdade-religiosa-no-pais\/","title":{"rendered":"China: Pequim protesta contra relat\u00f3rio dos EUA que aponta para a falta de liberdade religiosa no pa\u00eds"},"content":{"rendered":"<p style=\"text-align: justify;\">A China apresentou um protesto diplom\u00e1tico contra os Estados Unidos por causa do mais recente relat\u00f3rio da Comiss\u00e3o da Liberdade Religiosa Internacional, em que Pequim \u00e9 acusada de \u201cviola\u00e7\u00f5es sistem\u00e1ticas\u201d contra crist\u00e3os, budistas e mu\u00e7ulmanos.<\/p>\n<p>Este relat\u00f3rio \u00e9 acompanhado de um conjunto de recomenda\u00e7\u00f5es para que Washington tenha em considera\u00e7\u00e3o, na sua pol\u00edtica externa, a falta de liberdade religiosa num conjunto de pa\u00edses, em que se destacam, al\u00e9m da China, a Coreia do Norte, Ar\u00e1bia Saudita, Myanmar, Birm\u00e2nia, Nig\u00e9ria, Rep\u00fablica Centro-Africana e a Eritreia.<\/p>\n<p>Em todos estes pa\u00edses, segundo se pode ler no referido documento, a pr\u00e1tica da liberdade religiosa \u00e9 \u201climitada\u201d ou, at\u00e9, \u201cinexistente\u201d.<\/p>\n<p>A funda\u00e7\u00e3o pontif\u00edcia Ajuda \u00e0 Igreja que Sofre (AIS), assinala em comunicado enviado \u00e0 Ag\u00eancia ECCLESIA que a rea\u00e7\u00e3o por parte do Minist\u00e9rio dos Neg\u00f3cios Estrangeiros da China ocorre \u201cnuma altura em que s\u00e3o cada vez mais frequentes as not\u00edcias que chegam deste pa\u00eds em rela\u00e7\u00e3o \u00e0 persegui\u00e7\u00e3o a comunidades crist\u00e3s\u201d, nomeadamente por causa de demoli\u00e7\u00f5es de templos ou de s\u00edmbolos religiosos.<\/p>\n<p>\u201cNa China, os crist\u00e3os que se mant\u00e9m fi\u00e9is ao Vaticano s\u00e3o muitas vezes perseguidos, vivendo por isso a sua pr\u00e1tica religiosa na clandestinidade, sendo in\u00fameros os fi\u00e9is, sacerdotes e at\u00e9 bispos que se encontram detidos ou sob vigil\u00e2ncia das autoridades de Pequim\u201d, refere a AIS.<\/p>\n<p style=\"text-align: justify;\">\u00a0<\/p>\n<p style=\"text-align: justify;\">Fonte: Ag\u00eancia Ecclesia<\/p>\n","protected":false},"excerpt":{"rendered":"<p>A China apresentou um protesto diplom\u00e1tico contra os Estados Unidos por causa do mais recente relat\u00f3rio da Comiss\u00e3o da Liberdade Religiosa Internacional, em que Pequim \u00e9 acusada de \u201cviola\u00e7\u00f5es sistem\u00e1ticas\u201d contra crist\u00e3os, budistas e mu\u00e7ulmanos. Este relat\u00f3rio \u00e9 acompanhado de um conjunto de recomenda\u00e7\u00f5es para que Washington tenha em considera\u00e7\u00e3o, na sua pol\u00edtica externa, a [&hellip;]<\/p>\n","protected":false},"author":1,"featured_media":0,"comment_status":"open","ping_status":"open","sticky":false,"template":"","format":"standard","meta":{"footnotes":""},"categories":[4],"tags":[],"class_list":["post-14492","post","type-post","status-publish","format-standard","hentry","category-cotidiano"],"_links":{"self":[{"href":"https:\/\/catolicanet.net\/wp-cnet\/wp-json\/wp\/v2\/posts\/14492","targetHints":{"allow":["GET"]}}],"collection":[{"href":"https:\/\/catolicanet.net\/wp-cnet\/wp-json\/wp\/v2\/posts"}],"about":[{"href":"https:\/\/catolicanet.net\/wp-cnet\/wp-json\/wp\/v2\/types\/post"}],"author":[{"embeddable":true,"href":"https:\/\/catolicanet.net\/wp-cnet\/wp-json\/wp\/v2\/users\/1"}],"replies":[{"embeddable":true,"href":"https:\/\/catolicanet.net\/wp-cnet\/wp-json\/wp\/v2\/comments?post=14492"}],"version-history":[{"count":1,"href":"https:\/\/catolicanet.net\/wp-cnet\/wp-json\/wp\/v2\/posts\/14492\/revisions"}],"predecessor-version":[{"id":26029,"href":"https:\/\/catolicanet.net\/wp-cnet\/wp-json\/wp\/v2\/posts\/14492\/revisions\/26029"}],"wp:attachment":[{"href":"https:\/\/catolicanet.net\/wp-cnet\/wp-json\/wp\/v2\/media?parent=14492"}],"wp:term":[{"taxonomy":"category","embeddable":true,"href":"https:\/\/catolicanet.net\/wp-cnet\/wp-json\/wp\/v2\/categories?post=14492"},{"taxonomy":"post_tag","embeddable":true,"href":"https:\/\/catolicanet.net\/wp-cnet\/wp-json\/wp\/v2\/tags?post=14492"}],"curies":[{"name":"wp","href":"https:\/\/api.w.org\/{rel}","templated":true}]}}