{"id":14491,"date":"2016-05-10T18:49:33","date_gmt":"2016-05-10T21:49:33","guid":{"rendered":"http:\/\/catolicanet.net\/wp-cnet\/2016\/05\/10\/fatima-santuario-esta-preparado-para-receber-peregrinos-a-12-e-13-de-maio\/"},"modified":"2017-05-31T10:50:21","modified_gmt":"2017-05-31T13:50:21","slug":"fatima-santuario-esta-preparado-para-receber-peregrinos-a-12-e-13-de-maio","status":"publish","type":"post","link":"https:\/\/catolicanet.net\/wp-cnet\/fatima-santuario-esta-preparado-para-receber-peregrinos-a-12-e-13-de-maio\/","title":{"rendered":"F\u00e1tima: Santu\u00e1rio est\u00e1 preparado para receber peregrinos a 12 e 13 de maio"},"content":{"rendered":"<p style=\"text-align: justify;\"><img decoding=\"async\" src=\"http:\/\/catolicanet.com.br\/images\/stories\/d0168812.jpg\" border=\"0\" align=\"left\" \/>Acolhimento da Imagem peregrina e consagra\u00e7\u00e3o das dioceses a Nossa Senhora marcam peregrina\u00e7\u00e3o anivers\u00e1rio internacional<\/p>\n<p>O reitor do Santu\u00e1rio de F\u00e1tima afirmou que a institui\u00e7\u00e3o est\u00e1 preparada para acolher os peregrinos e celebrar da \u201cmelhor forma\u201d uma \u201cgrande peregrina\u00e7\u00e3o\u201d como a de 12 e 13 de maio.<\/p>\n<p>O padre Carlos Cabecinhas disse aos jornalistas que para a peregrina\u00e7\u00e3o anivers\u00e1ria de maio, esta quinta e sexta-feira, pode esperar-se \u201cantes de mais\u201d uma estrutura montada para o acolhimento dos peregrinos numa \u201ctentativa de acolher e responder\u201d \u00e0s suas solicita\u00e7\u00f5es.<\/p>\n<p>\u201cTamb\u00e9m a expectativa que muitos sejam os peregrinos que aqui acorrem apesar das condi\u00e7\u00f5es por vezes adversas do tempo, a nossa esperan\u00e7a \u00e9 que sejam muitos\u201d, acrescentou o reitor do Santu\u00e1rio de F\u00e1tima, ap\u00f3s a celebra\u00e7\u00e3o da dedica\u00e7\u00e3o do Altar no novo presbit\u00e9rio no Recinto de Ora\u00e7\u00e3o.<\/p>\n<p>J\u00e1 esta quarta-feira os peregrinos a p\u00e9 t\u00eam uma Eucaristia de acolhimento, pelas 18h30, na Bas\u00edlica da Sant\u00edssima Trindade e para o dia seguinte est\u00e1 marcada uma Missa com a participa\u00e7\u00e3o dos doentes, \u00e0s 16h30, seguida de prociss\u00e3o eucar\u00edstica no Recinto de Ora\u00e7\u00e3o.<\/p>\n<p>A peregrina\u00e7\u00e3o come\u00e7a oficialmente com uma sauda\u00e7\u00e3o a Nossa Senhora esta quinta-feira, pelas 18h30, na Capelinha das Apari\u00e7\u00f5es, e do programa destaca-se a recita\u00e7\u00e3o do ros\u00e1rio, seguido da prociss\u00e3o das velas, \u00e0s 21h30.<\/p>\n<p>Ap\u00f3s este momento o presidente da Confer\u00eancia Episcopal Portuguesa e cardeal-patriarca de Lisboa, D. Manuel Clemente, preside \u00e0 Eucaristia no novo altar do Recinto de Ora\u00e7\u00e3o, \u201ca primeira grande celebra\u00e7\u00e3o do espa\u00e7o\u201d.<\/p>\n<p>A peregrina\u00e7\u00e3o internacional nos dias 12 e 13 de maio tem o tema \u2018O meu esp\u00edrito alegra-se em Deus, meu Salvador\u2019 (Lc 1,47) e vai ter dois momentos de destaque: O acolhimento da Imagem Peregrina de Nossa Senhora que termina o p\u00e9riplo nacional pelas dioceses realizado no contexto do Centen\u00e1rio das Apari\u00e7\u00f5es em 2017.<\/p>\n<p>O segundo momento da peregrina\u00e7\u00e3o \u00e9 a consagra\u00e7\u00e3o das 21 dioceses portuguesas a Nossa Senhora de F\u00e1tima, por D. Manuel Clemente, encerrando o p\u00e9riplo da Imagem Peregrina pelo pa\u00eds.<\/p>\n<p>A peregrina\u00e7\u00e3o internacional de maio tem ainda associado uma programa\u00e7\u00e3o cultural que acentua a din\u00e2mica celebrativa no Santu\u00e1rio, como o Espet\u00e1culo Multidisciplinar \u2018F\u00e1tima \u2013 O dia em que o Sol bailou\u2019, desenvolvido pela \u2018Vortice Dance Company\u2019, com resid\u00eancia em F\u00e1tima.<\/p>\n<p>A primeira apresenta\u00e7\u00e3o do espet\u00e1culo, reservada \u00e0s escolas e col\u00e9gios de F\u00e1tima e Leiria, est\u00e1 marcada para as 14h30 do dia 11 de maio; a estreia est\u00e1 marcada para o dia 13 de maio, pelas 21h00, com repeti\u00e7\u00e3o, dois dias depois, pelas 16h00, no grande audit\u00f3rio do Centro Pastoral de Paulo VI, em F\u00e1tima.<\/p>\n<p>Os espet\u00e1culos nos dias 13 e 15 de maio s\u00e3o de entrada gratuita condicionada \u00e0 capacidade do audit\u00f3rio.<\/p>\n<p>A primeira peregrina\u00e7\u00e3o anivers\u00e1ria internacional de 2016 marca o in\u00edcio das grandes celebra\u00e7\u00f5es do \u00faltimo ano antes do centen\u00e1rio das apari\u00e7\u00f5es que vai ser celebrado em 2017.<\/p>\n<p>Segundo o reitor do santu\u00e1rio, ao longo deste ano, para al\u00e9m de \u201cuma grande qualidade celebrativa\u201d, h\u00e1 um conjunto de outras ofertas, \u201cnomeadamente de \u00e2mbito cultural, que v\u00e3o premiando todo\u201d o ano de peregrina\u00e7\u00e3o ao santu\u00e1rio.<\/p>\n<p style=\"text-align: justify;\">\u00a0<\/p>\n<p style=\"text-align: justify;\">Fonte: Ag\u00eancia Ecclesia<\/p>\n","protected":false},"excerpt":{"rendered":"<p>Acolhimento da Imagem peregrina e consagra\u00e7\u00e3o das dioceses a Nossa Senhora marcam peregrina\u00e7\u00e3o anivers\u00e1rio internacional O reitor do Santu\u00e1rio de F\u00e1tima afirmou que a institui\u00e7\u00e3o est\u00e1 preparada para acolher os peregrinos e celebrar da \u201cmelhor forma\u201d uma \u201cgrande peregrina\u00e7\u00e3o\u201d como a de 12 e 13 de maio. O padre Carlos Cabecinhas disse aos jornalistas que [&hellip;]<\/p>\n","protected":false},"author":1,"featured_media":0,"comment_status":"open","ping_status":"open","sticky":false,"template":"","format":"standard","meta":{"footnotes":""},"categories":[4],"tags":[],"class_list":["post-14491","post","type-post","status-publish","format-standard","hentry","category-cotidiano"],"_links":{"self":[{"href":"https:\/\/catolicanet.net\/wp-cnet\/wp-json\/wp\/v2\/posts\/14491","targetHints":{"allow":["GET"]}}],"collection":[{"href":"https:\/\/catolicanet.net\/wp-cnet\/wp-json\/wp\/v2\/posts"}],"about":[{"href":"https:\/\/catolicanet.net\/wp-cnet\/wp-json\/wp\/v2\/types\/post"}],"author":[{"embeddable":true,"href":"https:\/\/catolicanet.net\/wp-cnet\/wp-json\/wp\/v2\/users\/1"}],"replies":[{"embeddable":true,"href":"https:\/\/catolicanet.net\/wp-cnet\/wp-json\/wp\/v2\/comments?post=14491"}],"version-history":[{"count":1,"href":"https:\/\/catolicanet.net\/wp-cnet\/wp-json\/wp\/v2\/posts\/14491\/revisions"}],"predecessor-version":[{"id":26030,"href":"https:\/\/catolicanet.net\/wp-cnet\/wp-json\/wp\/v2\/posts\/14491\/revisions\/26030"}],"wp:attachment":[{"href":"https:\/\/catolicanet.net\/wp-cnet\/wp-json\/wp\/v2\/media?parent=14491"}],"wp:term":[{"taxonomy":"category","embeddable":true,"href":"https:\/\/catolicanet.net\/wp-cnet\/wp-json\/wp\/v2\/categories?post=14491"},{"taxonomy":"post_tag","embeddable":true,"href":"https:\/\/catolicanet.net\/wp-cnet\/wp-json\/wp\/v2\/tags?post=14491"}],"curies":[{"name":"wp","href":"https:\/\/api.w.org\/{rel}","templated":true}]}}