{"id":14485,"date":"2016-05-10T14:15:23","date_gmt":"2016-05-10T17:15:23","guid":{"rendered":"http:\/\/catolicanet.net\/wp-cnet\/2016\/05\/10\/argentina-profanam-sacrario-e-roubam-igreja-catolica\/"},"modified":"2017-05-31T10:50:23","modified_gmt":"2017-05-31T13:50:23","slug":"argentina-profanam-sacrario-e-roubam-igreja-catolica","status":"publish","type":"post","link":"https:\/\/catolicanet.net\/wp-cnet\/argentina-profanam-sacrario-e-roubam-igreja-catolica\/","title":{"rendered":"Argentina: Profanam sacr\u00e1rio e roubam Igreja Cat\u00f3lica"},"content":{"rendered":"<p style=\"text-align: justify;\"><img decoding=\"async\" src=\"http:\/\/catolicanet.com.br\/images\/stories\/noticias\/profanacio.jpg\" border=\"0\" align=\"left\" \/>Na madrugada da sexta-feira, 6 de maio, um grupo de desconhecidos profanou o sacr\u00e1rio e roubou diversos objetos lit\u00fargicos de valor na Capela Medalha Milagrosa, localizada na localidade Gonz\u00e1lez Cat\u00e1n, na prov\u00edncia de Buenos Aires, Argentina.<\/p>\n<p>Para ingressar no interior da capela, os sujeitos cortaram as prote\u00e7\u00f5es de uma das janelas e arrancaram o sacr\u00e1rio para pegar os dois c\u00e1lices sagrados que tinham as h\u00f3stias consagradas, que deixaram jogadas no ch\u00e3o.<\/p>\n<p>Tamb\u00e9m foram levadas uma cust\u00f3dia, um c\u00e1lice, um sino de bronze e equipamentos de som. O fato foi descoberto na manh\u00e3 da mesma sexta-feira pela sacrist\u00e3 do templo que avisou imediatamente o sacerdote a cargo da capela, Pe. Jorge S\u00e1nchez.<\/p>\n<p>Logo ap\u00f3s quantificar o dano e ver as h\u00f3stias no ch\u00e3o, o sacerdote deduziu que \u201cn\u00e3o foi um ato de profana\u00e7\u00e3o em si mesmo, em uma busca do Sant\u00edssimo, porque teriam levado tudo se essa fosse a inten\u00e7\u00e3o\u201d.<\/p>\n<p>A vers\u00e3o foi compartilhada por Dom Gabriel Barba, Bispo da Diocese Gregorio de Laferrere, onde se encontra a capela. Em di\u00e1logo com o Grupo ACI, disse que pode ser \u201cum roubo como tantos outros que se cometeram no lugar\u201d e enfatizou que o fato \u00e9 \u201cmuito grave\u201d, mas \u201cde algum jeito me deixa mais tranquilo que n\u00e3o levaram as h\u00f3stias\u201d.<\/p>\n<p>Atrav\u00e9s de um comunicado, Dom Barba manifestou que o ocorrido igualmente gera \u201cuma dor dif\u00edcil de transmitir, que nos leva a rezar por aqueles que fizeram este ato sacr\u00edlego, desejando que tomem consci\u00eancia da gravidade de desprezar a presen\u00e7a do Jesus na Eucaristia\u201d.<\/p>\n<p>\u201cEsta viol\u00eancia nos faz parte comum de centenas de hist\u00f3rias que padece tanta gente e que, sem d\u00favida, s\u00e3o consequ\u00eancia de um vandalismo alimentado pela droga e a marginalidade. E de quantos sacril\u00e9gios tamb\u00e9m se vivem no desprezo e sofrimento de tantos seres humanos a quem n\u00e3o se respeita em sua dignidade e que neles tamb\u00e9m Cristo \u00e9 profanado\u201d, expressou Dom Barba no texto.<\/p>\n<p>Por sua vez, o Pe. Jorge S\u00e1nchez explicou ao Grupo ACI que o templo onde aconteceu o roubo pertence \u00e0 Par\u00f3quia S\u00e3o Jos\u00e9 e est\u00e1 localizado em uma \u201cregi\u00e3o insegura\u201d do \u201ccord\u00e3o urbano de Buenos Aires, muito populoso\u201d e \u201cmuito metido na droga\u201d, onde recentemente tamb\u00e9m roubaram e incendiaram um jardim infantil.<\/p>\n<p>No domingo, 8 de maio, foi celebrada um Missa de desagravo, para \u201crezar pela convers\u00e3o desta gente, para que se deem conta da barbaridade que cometeram\u201d.<\/p>\n<p style=\"text-align: justify;\">\u00a0<\/p>\n<p style=\"text-align: justify;\">Fonte: Acidigital<\/p>\n","protected":false},"excerpt":{"rendered":"<p>Na madrugada da sexta-feira, 6 de maio, um grupo de desconhecidos profanou o sacr\u00e1rio e roubou diversos objetos lit\u00fargicos de valor na Capela Medalha Milagrosa, localizada na localidade Gonz\u00e1lez Cat\u00e1n, na prov\u00edncia de Buenos Aires, Argentina. Para ingressar no interior da capela, os sujeitos cortaram as prote\u00e7\u00f5es de uma das janelas e arrancaram o sacr\u00e1rio [&hellip;]<\/p>\n","protected":false},"author":1,"featured_media":0,"comment_status":"open","ping_status":"open","sticky":false,"template":"","format":"standard","meta":{"footnotes":""},"categories":[4],"tags":[],"class_list":["post-14485","post","type-post","status-publish","format-standard","hentry","category-cotidiano"],"_links":{"self":[{"href":"https:\/\/catolicanet.net\/wp-cnet\/wp-json\/wp\/v2\/posts\/14485","targetHints":{"allow":["GET"]}}],"collection":[{"href":"https:\/\/catolicanet.net\/wp-cnet\/wp-json\/wp\/v2\/posts"}],"about":[{"href":"https:\/\/catolicanet.net\/wp-cnet\/wp-json\/wp\/v2\/types\/post"}],"author":[{"embeddable":true,"href":"https:\/\/catolicanet.net\/wp-cnet\/wp-json\/wp\/v2\/users\/1"}],"replies":[{"embeddable":true,"href":"https:\/\/catolicanet.net\/wp-cnet\/wp-json\/wp\/v2\/comments?post=14485"}],"version-history":[{"count":1,"href":"https:\/\/catolicanet.net\/wp-cnet\/wp-json\/wp\/v2\/posts\/14485\/revisions"}],"predecessor-version":[{"id":26034,"href":"https:\/\/catolicanet.net\/wp-cnet\/wp-json\/wp\/v2\/posts\/14485\/revisions\/26034"}],"wp:attachment":[{"href":"https:\/\/catolicanet.net\/wp-cnet\/wp-json\/wp\/v2\/media?parent=14485"}],"wp:term":[{"taxonomy":"category","embeddable":true,"href":"https:\/\/catolicanet.net\/wp-cnet\/wp-json\/wp\/v2\/categories?post=14485"},{"taxonomy":"post_tag","embeddable":true,"href":"https:\/\/catolicanet.net\/wp-cnet\/wp-json\/wp\/v2\/tags?post=14485"}],"curies":[{"name":"wp","href":"https:\/\/api.w.org\/{rel}","templated":true}]}}