{"id":14483,"date":"2016-05-10T14:06:02","date_gmt":"2016-05-10T17:06:02","guid":{"rendered":"http:\/\/catolicanet.net\/wp-cnet\/2016\/05\/10\/jubileu-bula-de-convocacao-do-ano-santo-exposta-em-roma\/"},"modified":"2017-06-02T11:07:54","modified_gmt":"2017-06-02T14:07:54","slug":"jubileu-bula-de-convocacao-do-ano-santo-exposta-em-roma","status":"publish","type":"post","link":"https:\/\/catolicanet.net\/wp-cnet\/jubileu-bula-de-convocacao-do-ano-santo-exposta-em-roma\/","title":{"rendered":"Jubileu: Bula de convoca\u00e7\u00e3o do Ano Santo exposta em Roma"},"content":{"rendered":"<p style=\"text-align: justify;\"><img decoding=\"async\" src=\"http:\/\/catolicanet.com.br\/images\/stories\/noticias\/ossrom26829_articolo.jpg\" border=\"0\" align=\"left\" \/>A Bula de convoca\u00e7\u00e3o do Jubileu Extraordin\u00e1rio da Miseric\u00f3rdia convocado pelo Papa Francisco est\u00e1 exposta desde segunda-feira, 9, na sede da Obra Romana de Peregrina\u00e7\u00f5es, na Pra\u00e7a Pio XII, em frente \u00e0 Pra\u00e7a S\u00e3o Pedro.<\/p>\n<p>O documento, que permanecer\u00e1 exposto at\u00e9 31 de julho, completa assim a mostra sobre as Bulas de convoca\u00e7\u00e3o dos Jubileus Ordin\u00e1rios desde 1.300 at\u00e9 o ano 2.000, curada por Monsenhor Sergio Pagano, Prefeito do Arquivo Secreto Vaticano \u2013 onde normalmente s\u00e3o conservados estes preciosos documentos.<\/p>\n<p>Publica\u00e7\u00e3o<\/p>\n<p>A Bula de Proclama\u00e7\u00e3o do Jubileu Extraordin\u00e1rio da Miseric\u00f3rdia \u2013\u200b Misericordiae Vultus \u2013 foi publicada em Roma, junto de S\u00e3o Pedro, no dia 11 de abril \u2013 v\u00e9spera do II Domingo de P\u00e1scoa ou\u00a0 da Divina Miseric\u00f3rdia \u2013 do Ano do Senhor de 2015, o terceiro de Pontificado.<\/p>\n<p>No documento, composto por 25 itens, o Papa Francisco descreve as motiva\u00e7\u00f5es por detr\u00e1s do Ano Jubilar e indica as diretrizes para viv\u00ea-lo da melhor maneira.<\/p>\n<p>O Papa Francisco anunciou a realiza\u00e7\u00e3o do Ano Jubilar Extraordin\u00e1rio da Miseric\u00f3rdia em 3 de mar\u00e7o de 2015, durante celebra\u00e7\u00e3o penitencial na Bas\u00edlica de S\u00e3o Pedro. O Ano Santo foi aberto em 29 de novembro de 2015 na Catedral de Bangui, capital da Rep\u00fablica Centro Africana, e solenemente com a abertura da Porta Santa na Bas\u00edlica de S\u00e3o Pedro em 8 de dezembro, devendo-se concluir no dia 20 de novembro de 2016, Festa de Cristo Rei.<\/p>\n<p style=\"text-align: justify;\">\u00a0<\/p>\n<p style=\"text-align: justify;\">Fonte: R\u00e1dio Vaticano<\/p>\n","protected":false},"excerpt":{"rendered":"<p>A Bula de convoca\u00e7\u00e3o do Jubileu Extraordin\u00e1rio da Miseric\u00f3rdia convocado pelo Papa Francisco est\u00e1 exposta desde segunda-feira, 9, na sede da Obra Romana de Peregrina\u00e7\u00f5es, na Pra\u00e7a Pio XII, em frente \u00e0 Pra\u00e7a S\u00e3o Pedro. O documento, que permanecer\u00e1 exposto at\u00e9 31 de julho, completa assim a mostra sobre as Bulas de convoca\u00e7\u00e3o dos Jubileus [&hellip;]<\/p>\n","protected":false},"author":1,"featured_media":0,"comment_status":"open","ping_status":"open","sticky":false,"template":"","format":"standard","meta":{"footnotes":""},"categories":[3],"tags":[],"class_list":["post-14483","post","type-post","status-publish","format-standard","hentry","category-vaticano"],"_links":{"self":[{"href":"https:\/\/catolicanet.net\/wp-cnet\/wp-json\/wp\/v2\/posts\/14483","targetHints":{"allow":["GET"]}}],"collection":[{"href":"https:\/\/catolicanet.net\/wp-cnet\/wp-json\/wp\/v2\/posts"}],"about":[{"href":"https:\/\/catolicanet.net\/wp-cnet\/wp-json\/wp\/v2\/types\/post"}],"author":[{"embeddable":true,"href":"https:\/\/catolicanet.net\/wp-cnet\/wp-json\/wp\/v2\/users\/1"}],"replies":[{"embeddable":true,"href":"https:\/\/catolicanet.net\/wp-cnet\/wp-json\/wp\/v2\/comments?post=14483"}],"version-history":[{"count":1,"href":"https:\/\/catolicanet.net\/wp-cnet\/wp-json\/wp\/v2\/posts\/14483\/revisions"}],"predecessor-version":[{"id":28075,"href":"https:\/\/catolicanet.net\/wp-cnet\/wp-json\/wp\/v2\/posts\/14483\/revisions\/28075"}],"wp:attachment":[{"href":"https:\/\/catolicanet.net\/wp-cnet\/wp-json\/wp\/v2\/media?parent=14483"}],"wp:term":[{"taxonomy":"category","embeddable":true,"href":"https:\/\/catolicanet.net\/wp-cnet\/wp-json\/wp\/v2\/categories?post=14483"},{"taxonomy":"post_tag","embeddable":true,"href":"https:\/\/catolicanet.net\/wp-cnet\/wp-json\/wp\/v2\/tags?post=14483"}],"curies":[{"name":"wp","href":"https:\/\/api.w.org\/{rel}","templated":true}]}}