{"id":14474,"date":"2016-05-10T12:54:32","date_gmt":"2016-05-10T15:54:32","guid":{"rendered":"http:\/\/catolicanet.net\/wp-cnet\/2016\/05\/10\/das-trevas-a-luz\/"},"modified":"2017-05-31T10:50:27","modified_gmt":"2017-05-31T13:50:27","slug":"das-trevas-a-luz","status":"publish","type":"post","link":"https:\/\/catolicanet.net\/wp-cnet\/das-trevas-a-luz\/","title":{"rendered":"Das trevas \u00e0 luz"},"content":{"rendered":"<p style=\"text-align: justify;\"><img decoding=\"async\" src=\"http:\/\/catolicanet.com.br\/images\/stories\/noticias\/4c55c93b61ad68ff535629a2f86c996e_xl.jpg\" border=\"0\" align=\"left\" \/>H\u00e1 palavras estranhas nos dias de hoje. Uma delas \u00e9 \u201cescravid\u00e3o\u201d. Para centenas de jovens que vivem na regi\u00e3o norte do Sud\u00e3o do Sul, a escravid\u00e3o \u00e9 uma triste condi\u00e7\u00e3o de suas vidas depois de terem ca\u00eddo nas m\u00e3os de pessoas sem escr\u00fapulos, que fazem neg\u00f3cio com a fraqueza dos outros.<\/p>\n<p>O Sud\u00e3o do Norte, pa\u00eds governado por uma ditadura isl\u00e2mica, \u00e9 quase sempre uma armadilha para as pobres fam\u00edlias crist\u00e3s. Muitas vezes, grupos armados atacam apenas com o objetivo de raptarem os jovens para venderem no mercado de escravos.<\/p>\n<p>Padre Aur\u00e9lio Fernandez h\u00e1 muito tempo tem a miss\u00e3o de resgatar o maior n\u00famero poss\u00edvel destes condenados a uma vida de escravid\u00e3o. Uma das jovens resgatadas \u00e9 Adut. Pe. Aur\u00e9lio a encontrou no meio de um grupo de outros que foram sequestrados, tamb\u00e9m condenados a uma vida de escravid\u00e3o. Estavam ali, \u00e0 espera de um comprador. Adut tinha as pernas ensanguentadas e infeccionadas. Pe. Aur\u00e9lio perguntou quanto custava. A resposta veio fria e seca: \u201cNingu\u00e9m compra um animal em mau estado\u201d.<\/p>\n<p>Por estar em \u201cmau estado\u201d, o Pe. Aur\u00e9lio conseguiu resgatar o grupo todo por um valor baixo. Hoje est\u00e3o todos em liberdade e reaprendendo a viver literalmente sem grilh\u00f5es. Mas o Pe. Aur\u00e9lio nunca mais vai esquecer a hist\u00f3ria da jovem Adut que encontrou, sentada no ch\u00e3o, na areia, no calor, junto de outras tantas crian\u00e7as, todas com marcas de cordas nos pulsos. Adut vivia na sua aldeia quando houve um desentendimento dos militares sudaneses. Todos fugiram. Adut tamb\u00e9m. Mas n\u00e3o foi longe. Um soldado, a cavalo, a viu, foi ao seu encal\u00e7o, lan\u00e7ou-lhe uma corda e a arrastou pelo ch\u00e3o durante v\u00e1rios quil\u00f4metros. Depois, como se n\u00e3o bastasse, a estuprou. Era apenas \u201cum animal em mau estado\u201d, teria pensado.<\/p>\n<p>Pe. Aur\u00e9lio chegou a tempo de evitar que algo pior acontecesse. E, mesmo Adut estando muito ferida e psicologicamente afetada, o padre a tranquilizou, dizendo que nunca mais iriam lhe fazer mal.<\/p>\n<p>Aur\u00e9lio \u00e9 um dos padres auxiliados pela ACN no Sud\u00e3o do Sul. Consequentemente foi a sua generosidade que contribuiu para o resgate de Adut e dos outros. Voc\u00ea possibilitou uma nova vida para quem a morte seria um al\u00edvio. Em nome destes, muito obrigado.<\/p>\n<p style=\"text-align: justify;\">\u00a0<\/p>\n<p style=\"text-align: justify;\">Fonte: AIS<\/p>\n","protected":false},"excerpt":{"rendered":"<p>H\u00e1 palavras estranhas nos dias de hoje. Uma delas \u00e9 \u201cescravid\u00e3o\u201d. Para centenas de jovens que vivem na regi\u00e3o norte do Sud\u00e3o do Sul, a escravid\u00e3o \u00e9 uma triste condi\u00e7\u00e3o de suas vidas depois de terem ca\u00eddo nas m\u00e3os de pessoas sem escr\u00fapulos, que fazem neg\u00f3cio com a fraqueza dos outros. O Sud\u00e3o do Norte, [&hellip;]<\/p>\n","protected":false},"author":1,"featured_media":0,"comment_status":"open","ping_status":"open","sticky":false,"template":"","format":"standard","meta":{"footnotes":""},"categories":[4],"tags":[],"class_list":["post-14474","post","type-post","status-publish","format-standard","hentry","category-cotidiano"],"_links":{"self":[{"href":"https:\/\/catolicanet.net\/wp-cnet\/wp-json\/wp\/v2\/posts\/14474","targetHints":{"allow":["GET"]}}],"collection":[{"href":"https:\/\/catolicanet.net\/wp-cnet\/wp-json\/wp\/v2\/posts"}],"about":[{"href":"https:\/\/catolicanet.net\/wp-cnet\/wp-json\/wp\/v2\/types\/post"}],"author":[{"embeddable":true,"href":"https:\/\/catolicanet.net\/wp-cnet\/wp-json\/wp\/v2\/users\/1"}],"replies":[{"embeddable":true,"href":"https:\/\/catolicanet.net\/wp-cnet\/wp-json\/wp\/v2\/comments?post=14474"}],"version-history":[{"count":1,"href":"https:\/\/catolicanet.net\/wp-cnet\/wp-json\/wp\/v2\/posts\/14474\/revisions"}],"predecessor-version":[{"id":26041,"href":"https:\/\/catolicanet.net\/wp-cnet\/wp-json\/wp\/v2\/posts\/14474\/revisions\/26041"}],"wp:attachment":[{"href":"https:\/\/catolicanet.net\/wp-cnet\/wp-json\/wp\/v2\/media?parent=14474"}],"wp:term":[{"taxonomy":"category","embeddable":true,"href":"https:\/\/catolicanet.net\/wp-cnet\/wp-json\/wp\/v2\/categories?post=14474"},{"taxonomy":"post_tag","embeddable":true,"href":"https:\/\/catolicanet.net\/wp-cnet\/wp-json\/wp\/v2\/tags?post=14474"}],"curies":[{"name":"wp","href":"https:\/\/api.w.org\/{rel}","templated":true}]}}