{"id":14471,"date":"2016-05-10T12:38:57","date_gmt":"2016-05-10T15:38:57","guid":{"rendered":"http:\/\/catolicanet.net\/wp-cnet\/2016\/05\/10\/a-promessa-de-renovar-a-face-da-terra\/"},"modified":"2017-05-08T13:32:57","modified_gmt":"2017-05-08T16:32:57","slug":"a-promessa-de-renovar-a-face-da-terra","status":"publish","type":"post","link":"https:\/\/catolicanet.net\/wp-cnet\/a-promessa-de-renovar-a-face-da-terra\/","title":{"rendered":"A promessa de renovar a face da terra"},"content":{"rendered":"<p style=\"text-align: justify;\">O mundo fecundado \u00e9 cheio de gra\u00e7as s\u00f3 a partir do amor desinteressado, do amor que \u00e9 dom, que \u00e9 gra\u00e7a. Temos o fundamento na palavra de Deus, que, pedagogicamente, quer animar e vivificar os cora\u00e7\u00f5es dos fi\u00e9is, convocando-os a levar adiante a desafiante tarefa, iniciada por Jesus de Nazar\u00e9, quando, ao subir ao Pai, prometeu-nos solenemente o Esp\u00edrito Santo: \u201cEis que Eu estou convosco todos os dias at\u00e9 o fim do mundo\u201d (Mt 28, 20). Estejamos sempre mais convencidos de que vida nova, segundo a vontade de Deus-Pai, s\u00f3 mesmo com o Esp\u00edrito Santo de Deus.<br \/>Como vencer, por\u00e9m, o medo que parece crescer entre n\u00f3s, no sentido de dizer n\u00e3o \u00e0 criatividade, ao imobilismo ou mesmo \u00e0 saudade de um cristianismo dos tempos antigos? Urge sempre mais a certeza de que o Esp\u00edrito Santo prometido por Jesus \u00e9 a pr\u00f3pria vida de Deus, causando-nos um novo impulso e um florescimento maravilhoso e respons\u00e1vel. Que o Esp\u00edrito Santo possa mexer com os cora\u00e7\u00f5es e consci\u00eancias dos seres humanos, agindo na Igreja, nos crist\u00e3os e nas pessoas de boa vontade em geral, fazendo-as diferenciadas pela for\u00e7a criativa do amor e do testemunho.<br \/>\u00c9 poss\u00edvel se vislumbrar um mundo melhor e reconciliado, no amor e na ternura de Deus, a partir das palavras de exorta\u00e7\u00e3o do Santo Padre, o Papa Francisco, no convite aos fi\u00e9is, ao asseverar: \u201cDeixar-se guiar pelo Esp\u00edrito Santo, que nos ensina o caminho da verdade, torna-nos crist\u00e3os reais, e n\u00e3o virtuais, fazendo de cada crist\u00e3o uma pessoa diferente da outra, e de todos juntos faz a unidade. O Esp\u00edrito Santo \u00e9 aquele que leva adiante, escancara as portas e convida a testemunhar Jesus\u201d (09\/05\/2016). \u00c9 Jesus a nos dizer que temos que ultrapassar todo tipo de empecilho, em meio a tribula\u00e7\u00f5es e sofrimentos, pela esperan\u00e7osa m\u00edstica do testemunho: \u201cV\u00f3s chorareis e v\u00f3s lamentareis, mas o mundo se alegrar\u00e1; v\u00f3s ficareis tristes, mas a vossa tristeza se transformar\u00e1 em alegria\u201d (Jo 16, 20). <br \/>Dentro de uma perspectiva acolhedora, na busca da convers\u00e3o permanente e da infinita bondade de Deus, de cora\u00e7\u00e3o aberto ao seu amor misericordioso, coloquemo-nos em estreita sintonia com a linguagem do Esp\u00edrito Santo de Deus, na diversidade de dons e carismas, na promessa de renovar a face da terra.<\/p>\n","protected":false},"excerpt":{"rendered":"<p>O mundo fecundado \u00e9 cheio de gra\u00e7as s\u00f3 a partir do amor desinteressado, do amor que \u00e9 dom, que \u00e9 gra\u00e7a. Temos o fundamento na palavra de Deus, que, pedagogicamente, quer animar e vivificar os cora\u00e7\u00f5es dos fi\u00e9is, convocando-os a levar adiante a desafiante tarefa, iniciada por Jesus de Nazar\u00e9, quando, ao subir ao Pai, [&hellip;]<\/p>\n","protected":false},"author":6,"featured_media":0,"comment_status":"open","ping_status":"open","sticky":false,"template":"","format":"standard","meta":{"footnotes":""},"categories":[9],"tags":[],"class_list":["post-14471","post","type-post","status-publish","format-standard","hentry","category-artigos"],"_links":{"self":[{"href":"https:\/\/catolicanet.net\/wp-cnet\/wp-json\/wp\/v2\/posts\/14471","targetHints":{"allow":["GET"]}}],"collection":[{"href":"https:\/\/catolicanet.net\/wp-cnet\/wp-json\/wp\/v2\/posts"}],"about":[{"href":"https:\/\/catolicanet.net\/wp-cnet\/wp-json\/wp\/v2\/types\/post"}],"author":[{"embeddable":true,"href":"https:\/\/catolicanet.net\/wp-cnet\/wp-json\/wp\/v2\/users\/6"}],"replies":[{"embeddable":true,"href":"https:\/\/catolicanet.net\/wp-cnet\/wp-json\/wp\/v2\/comments?post=14471"}],"version-history":[{"count":1,"href":"https:\/\/catolicanet.net\/wp-cnet\/wp-json\/wp\/v2\/posts\/14471\/revisions"}],"predecessor-version":[{"id":21556,"href":"https:\/\/catolicanet.net\/wp-cnet\/wp-json\/wp\/v2\/posts\/14471\/revisions\/21556"}],"wp:attachment":[{"href":"https:\/\/catolicanet.net\/wp-cnet\/wp-json\/wp\/v2\/media?parent=14471"}],"wp:term":[{"taxonomy":"category","embeddable":true,"href":"https:\/\/catolicanet.net\/wp-cnet\/wp-json\/wp\/v2\/categories?post=14471"},{"taxonomy":"post_tag","embeddable":true,"href":"https:\/\/catolicanet.net\/wp-cnet\/wp-json\/wp\/v2\/tags?post=14471"}],"curies":[{"name":"wp","href":"https:\/\/api.w.org\/{rel}","templated":true}]}}