{"id":14470,"date":"2016-05-09T18:23:40","date_gmt":"2016-05-09T21:23:40","guid":{"rendered":"http:\/\/catolicanet.net\/wp-cnet\/2016\/05\/09\/indignacao-mundial-apos-bombardeio-contra-campo-de-refugiados-na-siria\/"},"modified":"2017-05-31T10:52:47","modified_gmt":"2017-05-31T13:52:47","slug":"indignacao-mundial-apos-bombardeio-contra-campo-de-refugiados-na-siria","status":"publish","type":"post","link":"https:\/\/catolicanet.net\/wp-cnet\/indignacao-mundial-apos-bombardeio-contra-campo-de-refugiados-na-siria\/","title":{"rendered":"Indigna\u00e7\u00e3o mundial ap\u00f3s bombardeio contra campo de refugiados na S\u00edria"},"content":{"rendered":"<p style=\"text-align: justify;\"><img decoding=\"async\" src=\"http:\/\/catolicanet.com.br\/images\/stories\/noticias\/z54t8munzifshwbqcicijoa.jpg\" border=\"0\" align=\"left\" \/>A comunidade internacional expressou indigna\u00e7\u00e3o com os bombardeios que mataram cerca de 30 pessoas na quinta-feira em um campo de refugiados do norte da S\u00edria, considerados \u201ccrime de guerra\u201d pela ONU, enquanto Moscou e Damasco negaram a responsabilidade, acusando os rebeldes e jihadistas.<\/p>\n<p>Na quinta-feira \u00e0 noite, 28 civis, incluindo crian\u00e7as, morreram em ataques contra um campo de deslocados que fugiam dos combates na prov\u00edncia de Idleb (noroeste).<\/p>\n<p>At\u00e9 o momento n\u00e3o foi poss\u00edvel determinar quem est\u00e1 por tr\u00e1s dos bombardeios, perto da cidade de Sarmada, na fronteira com a Turquia. Avi\u00f5es do regime, da R\u00fassia e da coaliz\u00e3o internacional liderada pelos Estados Unidos sobrevoam a S\u00edria.<\/p>\n<p>O governo negou qualquer envolvimento. O ex\u00e9rcito s\u00edrio chegou a afirmar que os rebeldes atacaram recentemente \u201calvos civis\u201d para depois acusar o governo de Damasco. Os insurgentes, no entanto, n\u00e3o disp\u00f5em de avi\u00f5es.<\/p>\n<p>A R\u00fassia tamb\u00e9m negou que qualquer avi\u00e3o do pa\u00eds ou da S\u00edria tenha sobrevoado na quinta-feira a regi\u00e3o do campo de refugiados.<\/p>\n<p>\u201cNenhum avi\u00e3o russo ou qualquer outro sobrevoou a \u00e1rea\u201d, afirmou o porta-voz do minist\u00e9rio russo da Defesa, Igor Konashenkov, antes de destacar que o campo de deslocados poderia ter sido alvo de um ataque \u201cpremeditado ou acidental de artilharia\u201d dos jihadistas da Frente Al-Nosra.<\/p>\n<p>Os rebeldes s\u00edrios acusam a avia\u00e7\u00e3o do regime de Damasco de ser respons\u00e1vel pelo bombardeio.<\/p>\n<p>Os v\u00eddeos divulgados na internet por militantes \u2013 apresentados como imagens da trag\u00e9dia \u2013 mostram barracas azuis destru\u00eddas, em chamas, em meio a gritos de adultos e choro de crian\u00e7as.<\/p>\n<p>\u2018Que Deus os amaldi\u00e7oe\u2019<\/p>\n<p>\u201cQue Deus os amaldi\u00e7oe\u201d, grita uma pessoa em um dos v\u00eddeos.<\/p>\n<p>\u201cOnde est\u00e3o as ONGs?\u201d, questiona outro.<\/p>\n<p>Muitos volunt\u00e1rios correram para tentar apagar as chamas no campo devastado. Nas imagens tamb\u00e9m \u00e9 poss\u00edvel observar os feridos, incluindo muitas mulheres, gritando de dor.<\/p>\n<p>Em outro v\u00eddeo, equipes de emerg\u00eancia colocam cobertores sobre os corpos carbonizados. V\u00e1rias v\u00edtimas perderam membros e as cenas s\u00e3o fortes.<\/p>\n<p>\u201cOs bombardeios s\u00e3o um crime de guerra\u201d, anunciou o Alto Comiss\u00e1rio da ONU para os Direitos Humanos.<\/p>\n<p>\u201cEstes acampamentos de barracas est\u00e3o instalados nesta \u00e1rea h\u00e1 v\u00e1rias semanas e podem ser observados com facilidade. \u00c9 extremamente improv\u00e1vel que os ataques tenham sido acidentais. \u00c9 muito mais prov\u00e1vel que tenham sido deliberados e constituam um crime de guerra\u201d, afirmou Zeid Ra\u2019ad Al Hussein em um comunicado.<\/p>\n<p>A diplomacia brit\u00e2nica se declarou \u201chorrorizada\u201d com o ataque, que atribuiu ao regime de Assad.<\/p>\n<p>Stephen O\u2019Brien, secret\u00e1rio da ONU para Assuntos Humanit\u00e1rios, concordou que o ataque \u201cpode constituir um crime de guerra\u201d e pediu uma investiga\u00e7\u00e3o imediata.<\/p>\n<p>O secret\u00e1rio-geral da ONU, Ban Ki-moon, se disse \u201cescandalizado\u201d com o bombardeio, considerando que os respons\u00e1veis \u201cdevem prestar contas\u201d.<\/p>\n<p>A Uni\u00e3o Europeia chamou o ataque de \u201cinaceit\u00e1vel\u201d e o governo dos Estados Unidos afirmou que, embora n\u00e3o esteja confirmada a autoria do regime s\u00edrio no bombardeio, este corresponde \u201ctotalmente\u201d a suas opera\u00e7\u00f5es anteriores.<\/p>\n<p>No terreno, ao menos 73 pessoas morreram nas \u00faltimas 24 horas em uma batalha entre as for\u00e7as do regime de Bashar al-Assad e a Frente Al-Nosra, bra\u00e7o s\u00edrio da Al-Qaeda, em uma \u00e1rea ao sul de Aleppo, informou o Observat\u00f3rio S\u00edrio dos Direitos Humanos (OSDH).<\/p>\n<p>Al\u00e9m disso, for\u00e7as de seguran\u00e7a s\u00edrias lan\u00e7aram um ataque contra uma pris\u00e3o na cidade central de Hama para acabar com um motim que envolve cerca de 800 internos, informou um grupo de monitoramento.<\/p>\n<p>\u201cEles lan\u00e7aram granadas de g\u00e1s lacrimog\u00eaneo dentro da pris\u00e3o ap\u00f3s prenderem os familiares dos prisioneiros reunidos do lado de fora do pr\u00e9dio preocupados por seus destinos\u201d, informou o Observat\u00f3rio S\u00edrio de Direitos Humanos.<\/p>\n<p>Imagens de v\u00eddeo postadas nas redes sociais mostraram um corredor repleto de chamas e fuma\u00e7a enquanto uma voz \u00e9 ouvida dando a data de 6 de maio e a localiza\u00e7\u00e3o como a pris\u00e3o central em Hama.<\/p>\n<p>A guerra na S\u00edria, que desde 2011 provocou mais de 270.000 morte, for\u00e7ou milh\u00f5es de pessoas a fugir, o que provocou uma trag\u00e9dia humanit\u00e1rio que tem consequ\u00eancias inclusive na Europa.<\/p>\n<p>Enquanto o conflito continua sem dar sinais de relaxamento, a R\u00fassia e o Catar, que se op\u00f5em em rela\u00e7\u00e3o \u00e0 quest\u00e3o s\u00edria, pregaram nesta sexta-feira uma solu\u00e7\u00e3o pol\u00edtica para o conflito.<\/p>\n<p>Por ocasi\u00e3o de um encontro \u00e0s margens do Mar Negro com o presidente russo Vladimir Putin, o ministro das Rela\u00e7\u00f5es Exteriores do Catar assegurou que deseja \u201csalvar o processo pol\u00edtico\u201d em um pa\u00eds devastado por mais de cinco anos de guerra.<\/p>\n<p style=\"text-align: justify;\">\u00a0<\/p>\n<p style=\"text-align: justify;\">Fonte: Aleteia<\/p>\n","protected":false},"excerpt":{"rendered":"<p>A comunidade internacional expressou indigna\u00e7\u00e3o com os bombardeios que mataram cerca de 30 pessoas na quinta-feira em um campo de refugiados do norte da S\u00edria, considerados \u201ccrime de guerra\u201d pela ONU, enquanto Moscou e Damasco negaram a responsabilidade, acusando os rebeldes e jihadistas. Na quinta-feira \u00e0 noite, 28 civis, incluindo crian\u00e7as, morreram em ataques contra [&hellip;]<\/p>\n","protected":false},"author":1,"featured_media":0,"comment_status":"open","ping_status":"open","sticky":false,"template":"","format":"standard","meta":{"footnotes":""},"categories":[4],"tags":[],"class_list":["post-14470","post","type-post","status-publish","format-standard","hentry","category-cotidiano"],"_links":{"self":[{"href":"https:\/\/catolicanet.net\/wp-cnet\/wp-json\/wp\/v2\/posts\/14470","targetHints":{"allow":["GET"]}}],"collection":[{"href":"https:\/\/catolicanet.net\/wp-cnet\/wp-json\/wp\/v2\/posts"}],"about":[{"href":"https:\/\/catolicanet.net\/wp-cnet\/wp-json\/wp\/v2\/types\/post"}],"author":[{"embeddable":true,"href":"https:\/\/catolicanet.net\/wp-cnet\/wp-json\/wp\/v2\/users\/1"}],"replies":[{"embeddable":true,"href":"https:\/\/catolicanet.net\/wp-cnet\/wp-json\/wp\/v2\/comments?post=14470"}],"version-history":[{"count":1,"href":"https:\/\/catolicanet.net\/wp-cnet\/wp-json\/wp\/v2\/posts\/14470\/revisions"}],"predecessor-version":[{"id":26042,"href":"https:\/\/catolicanet.net\/wp-cnet\/wp-json\/wp\/v2\/posts\/14470\/revisions\/26042"}],"wp:attachment":[{"href":"https:\/\/catolicanet.net\/wp-cnet\/wp-json\/wp\/v2\/media?parent=14470"}],"wp:term":[{"taxonomy":"category","embeddable":true,"href":"https:\/\/catolicanet.net\/wp-cnet\/wp-json\/wp\/v2\/categories?post=14470"},{"taxonomy":"post_tag","embeddable":true,"href":"https:\/\/catolicanet.net\/wp-cnet\/wp-json\/wp\/v2\/tags?post=14470"}],"curies":[{"name":"wp","href":"https:\/\/api.w.org\/{rel}","templated":true}]}}