{"id":14457,"date":"2016-05-09T17:18:04","date_gmt":"2016-05-09T20:18:04","guid":{"rendered":"http:\/\/catolicanet.net\/wp-cnet\/2016\/05\/09\/regional-norte-2-organiza-vigilia-pelos-mortos-de-aids\/"},"modified":"2017-05-26T16:04:40","modified_gmt":"2017-05-26T19:04:40","slug":"regional-norte-2-organiza-vigilia-pelos-mortos-de-aids","status":"publish","type":"post","link":"https:\/\/catolicanet.net\/wp-cnet\/regional-norte-2-organiza-vigilia-pelos-mortos-de-aids\/","title":{"rendered":"Regional Norte 2 organiza Vig\u00edlia pelos Mortos de Aids"},"content":{"rendered":"<p style=\"text-align: justify;\"><img decoding=\"async\" src=\"http:\/\/catolicanet.com.br\/images\/stories\/noticias\/vigilianorte2.jpg\" border=\"0\" align=\"left\" \/>Iniciativa busca fortalecer o compromisso na preven\u00e7\u00e3o da doen\u00e7a<\/p>\n<p>Com o tema \u201cEnvolver, informar e empoderar\u201d, o regional Norte 2 da CNBB realiza Vig\u00edlia pelos Mortos de Aids, no dia 14 de maio, a partir das 18h, no Portal da Amaz\u00f4nia, em Bel\u00e9m (PA). O objetivo da atividade oracional consiste em fazer mem\u00f3ria as pessoas falecidas em decorr\u00eancia da epidemia. A iniciativa visa, ainda, fortalecer o compromisso na garantia de uma vida digna, sobretudo das pessoas que vivem com HIV\/Aids.<\/p>\n<p>A a\u00e7\u00e3o \u201cInternational AIDS Candlight Memorial\u201d \u00e9 promovida h\u00e1 33 anos, mobilizando comunidades e governos do mundo inteiro, para um dia comum de lembran\u00e7a \u00e0s v\u00edtimas da Aids, bem como informar sobre preven\u00e7\u00e3o e tratamento ao v\u00edrus.<\/p>\n<p>Em Bel\u00e9m, a atividade \u00e9 organizada pela Pastoral da Aids do regional Norte 2 da CNBB, em parceria com a Federa\u00e7\u00e3o Internacional de Associa\u00e7\u00f5es de Estudantes de Medicina (IFSMA) e a Rede Nacional de Adolescentes e Jovens vivendo com HIV\/Aids. Conta, tamb\u00e9m, com apoio de outras organiza\u00e7\u00f5es da Igreja Cat\u00f3lica e institui\u00e7\u00f5es da sociedade civil que atuam na tem\u00e1tica.<\/p>\n<p>A Vig\u00edlia foi criada em 02 de maio de 1983, na cidade de San Francisco \u2013 EUA, por um grupo de jovens que viviam com HIV. Eles decidiram realizar uma marcha \u00e0 luz de velas para chamar a aten\u00e7\u00e3o sobre a situa\u00e7\u00e3o das pessoas que estavam morrendo por Aids. Na bandeira, a frase \u201clutando por nossas vidas\u201d tornou-se o lema do movimento. <\/p>\n<p>No Brasil, diversos grupos t\u00eam assumido a iniciativa, mantendo a sintonia de realizar a Vig\u00edlia no terceiro domingo de maio. Com velas, la\u00e7o vermelho, can\u00e7\u00f5es, bandeiras, flores e outros elementos, re\u00fanem pessoas nesse momento de solidariedade.<\/p>\n<p>Realidade<\/p>\n<p>O Minist\u00e9rio da Sa\u00fade registrou de 2011 a 2015, 17.447 casos de Aids na regi\u00e3o Norte. Segundo o boletim epidemiol\u00f3gico, nesse mesmo per\u00edodo, foram registradas 7.514 notifica\u00e7\u00f5es no Par\u00e1, colocando o Estado na s\u00e9tima posi\u00e7\u00e3o de casos confirmados no Brasil, liderando a epidemia na Amaz\u00f4nia. A capital Bel\u00e9m ocupa o terceiro lugar de casos de Aids e \u00f3bitos no ranking das capitais brasileiras. <\/p>\n<p>A Pastoral da Aids, servi\u00e7o da Igreja Cat\u00f3lica, atua intensamente na regi\u00e3o para preven\u00e7\u00e3o da Aids e assist\u00eancia \u00e0s pessoas positivas para o HIV, juntamente com diversas organiza\u00e7\u00f5es articuladas no F\u00f3rum Paraense de ONG\/Aids e Hepatites Virais \u2013 FOPAIDSHV. <br \/>CNBB com informa\u00e7\u00f5es do regional Norte 2.<\/p>\n<p style=\"text-align: justify;\">\u00a0<\/p>\n<p style=\"text-align: justify;\">Fonte: CNBB<\/p>\n","protected":false},"excerpt":{"rendered":"<p>Iniciativa busca fortalecer o compromisso na preven\u00e7\u00e3o da doen\u00e7a Com o tema \u201cEnvolver, informar e empoderar\u201d, o regional Norte 2 da CNBB realiza Vig\u00edlia pelos Mortos de Aids, no dia 14 de maio, a partir das 18h, no Portal da Amaz\u00f4nia, em Bel\u00e9m (PA). O objetivo da atividade oracional consiste em fazer mem\u00f3ria as pessoas [&hellip;]<\/p>\n","protected":false},"author":1,"featured_media":0,"comment_status":"open","ping_status":"open","sticky":false,"template":"","format":"standard","meta":{"footnotes":""},"categories":[7],"tags":[],"class_list":["post-14457","post","type-post","status-publish","format-standard","hentry","category-cnbb"],"_links":{"self":[{"href":"https:\/\/catolicanet.net\/wp-cnet\/wp-json\/wp\/v2\/posts\/14457","targetHints":{"allow":["GET"]}}],"collection":[{"href":"https:\/\/catolicanet.net\/wp-cnet\/wp-json\/wp\/v2\/posts"}],"about":[{"href":"https:\/\/catolicanet.net\/wp-cnet\/wp-json\/wp\/v2\/types\/post"}],"author":[{"embeddable":true,"href":"https:\/\/catolicanet.net\/wp-cnet\/wp-json\/wp\/v2\/users\/1"}],"replies":[{"embeddable":true,"href":"https:\/\/catolicanet.net\/wp-cnet\/wp-json\/wp\/v2\/comments?post=14457"}],"version-history":[{"count":1,"href":"https:\/\/catolicanet.net\/wp-cnet\/wp-json\/wp\/v2\/posts\/14457\/revisions"}],"predecessor-version":[{"id":23717,"href":"https:\/\/catolicanet.net\/wp-cnet\/wp-json\/wp\/v2\/posts\/14457\/revisions\/23717"}],"wp:attachment":[{"href":"https:\/\/catolicanet.net\/wp-cnet\/wp-json\/wp\/v2\/media?parent=14457"}],"wp:term":[{"taxonomy":"category","embeddable":true,"href":"https:\/\/catolicanet.net\/wp-cnet\/wp-json\/wp\/v2\/categories?post=14457"},{"taxonomy":"post_tag","embeddable":true,"href":"https:\/\/catolicanet.net\/wp-cnet\/wp-json\/wp\/v2\/tags?post=14457"}],"curies":[{"name":"wp","href":"https:\/\/api.w.org\/{rel}","templated":true}]}}