{"id":14454,"date":"2016-05-09T17:02:02","date_gmt":"2016-05-09T20:02:02","guid":{"rendered":"http:\/\/catolicanet.net\/wp-cnet\/2016\/05\/09\/seminaristas-refletem-sobre-o-ano-da-misericordia\/"},"modified":"2017-05-26T16:05:36","modified_gmt":"2017-05-26T19:05:36","slug":"seminaristas-refletem-sobre-o-ano-da-misericordia","status":"publish","type":"post","link":"https:\/\/catolicanet.net\/wp-cnet\/seminaristas-refletem-sobre-o-ano-da-misericordia\/","title":{"rendered":"Seminaristas refletem sobre o Ano da Miseric\u00f3rdia"},"content":{"rendered":"<p style=\"text-align: justify;\"><img decoding=\"async\" src=\"http:\/\/catolicanet.com.br\/images\/stories\/noticias\/seminaristas_arquidiocese_goiania.jpg\" border=\"0\" align=\"left\" \/>Com o objetivo de proporcionar a integra\u00e7\u00e3o e o conv\u00edvio entre os futuros sacerdotes da Igreja, a Organiza\u00e7\u00e3o dos Semin\u00e1rios e Institutos do Brasil (Osib) realizou o Encontro de Seminaristas Fil\u00f3sofos, do regional Centro-Oeste da Confer\u00eancia Nacional dos Bispos do Brasil (CNBB), no dia 30 de abril, no Centro de Treinamento de L\u00edderes (CTL) de Urua\u00e7u (GO). Participaram cerca de 70 seminaristas, dos semin\u00e1rios presentes nas prov\u00edncias eclesi\u00e1sticas de Bras\u00edlia e Goi\u00e2nia.<\/p>\n<p>No encontro, o bispo de Urua\u00e7u e presidente do regional, dom Messias dos Reis Silveira, ministrou palestra sobre a viv\u00eancia do Ano da Miseric\u00f3rdia nas casas de forma\u00e7\u00e3o. De acordo com o bispo, muito se fala sobre o Ano Santo, mas poucos o vivenciam. \u201cFalar de miseric\u00f3rdia \u00e9 f\u00e1cil. Os padres falam muito bem sobre o assunto, mas \u00e0s vezes, nos atos, precisamos vivenci\u00e1-lo mais\u201d, disse. <\/p>\n<p>Dom Messias falou ainda que \u00e9 preciso seguir o conselho do papa em rela\u00e7\u00e3o ao Jubileu Extraordin\u00e1rio. \u201cO Ano da Miseric\u00f3rdia n\u00e3o deve terminar em novembro, mas deve continuar nos cora\u00e7\u00f5es, como sinal da bondade e ternura de Deus que vai ao encontro das pessoas\u201d. O bispo tamb\u00e9m pediu aos seminaristas para testemunharem a miseric\u00f3rdia na pessoa de Jesus. \u201cSem olharmos para ele, vemos a miseric\u00f3rdia apenas na dimens\u00e3o humana e fica dif\u00edcil pratic\u00e1-la\u201d, enfatizou.<\/p>\n<p>Sobre o encontro, dom Messias garantiu que \u201c\u00e9 um evento que lan\u00e7a as sementes da unidade no regional\u201d. Para ele, o semin\u00e1rio \u00e9 fundamental para a \u201cpartilha, conviv\u00eancia e motiva\u00e7\u00e3o para o caminho de aprofundamento vocacional\u201d. J\u00e1 o vice-coordenador da Osib do regional, padre Elias Aparecido, afirmou que encontros como esse t\u00eam a miss\u00e3o de \u201cfavorecer o conhecimento, o amor pelo regional e a aproxima\u00e7\u00e3o entre os futuros padres\u201d.<\/p>\n<p>Participaram do encontro seminaristas dos semin\u00e1rios Arquidiocesano Nossa Senhora de F\u00e1tima (Bras\u00edlia), Interdiocesano S\u00e3o Jo\u00e3o Maria Vianney (Goi\u00e2nia), Diocesano Imaculado Cora\u00e7\u00e3o de Maria (An\u00e1polis), S\u00e3o Luiz Gonzaga (S\u00e3o Lu\u00eds de Montes Belos) e S\u00e3o Jos\u00e9 (Urua\u00e7u).<br \/>Com informa\u00e7\u00f5es e foto do regional Centro-Oeste<\/p>\n<p style=\"text-align: justify;\">\u00a0<\/p>\n<p style=\"text-align: justify;\">Fonte: CNBB<\/p>\n","protected":false},"excerpt":{"rendered":"<p>Com o objetivo de proporcionar a integra\u00e7\u00e3o e o conv\u00edvio entre os futuros sacerdotes da Igreja, a Organiza\u00e7\u00e3o dos Semin\u00e1rios e Institutos do Brasil (Osib) realizou o Encontro de Seminaristas Fil\u00f3sofos, do regional Centro-Oeste da Confer\u00eancia Nacional dos Bispos do Brasil (CNBB), no dia 30 de abril, no Centro de Treinamento de L\u00edderes (CTL) de [&hellip;]<\/p>\n","protected":false},"author":1,"featured_media":0,"comment_status":"open","ping_status":"open","sticky":false,"template":"","format":"standard","meta":{"footnotes":""},"categories":[7],"tags":[],"class_list":["post-14454","post","type-post","status-publish","format-standard","hentry","category-cnbb"],"_links":{"self":[{"href":"https:\/\/catolicanet.net\/wp-cnet\/wp-json\/wp\/v2\/posts\/14454","targetHints":{"allow":["GET"]}}],"collection":[{"href":"https:\/\/catolicanet.net\/wp-cnet\/wp-json\/wp\/v2\/posts"}],"about":[{"href":"https:\/\/catolicanet.net\/wp-cnet\/wp-json\/wp\/v2\/types\/post"}],"author":[{"embeddable":true,"href":"https:\/\/catolicanet.net\/wp-cnet\/wp-json\/wp\/v2\/users\/1"}],"replies":[{"embeddable":true,"href":"https:\/\/catolicanet.net\/wp-cnet\/wp-json\/wp\/v2\/comments?post=14454"}],"version-history":[{"count":1,"href":"https:\/\/catolicanet.net\/wp-cnet\/wp-json\/wp\/v2\/posts\/14454\/revisions"}],"predecessor-version":[{"id":23720,"href":"https:\/\/catolicanet.net\/wp-cnet\/wp-json\/wp\/v2\/posts\/14454\/revisions\/23720"}],"wp:attachment":[{"href":"https:\/\/catolicanet.net\/wp-cnet\/wp-json\/wp\/v2\/media?parent=14454"}],"wp:term":[{"taxonomy":"category","embeddable":true,"href":"https:\/\/catolicanet.net\/wp-cnet\/wp-json\/wp\/v2\/categories?post=14454"},{"taxonomy":"post_tag","embeddable":true,"href":"https:\/\/catolicanet.net\/wp-cnet\/wp-json\/wp\/v2\/tags?post=14454"}],"curies":[{"name":"wp","href":"https:\/\/api.w.org\/{rel}","templated":true}]}}