{"id":14453,"date":"2016-05-09T16:55:50","date_gmt":"2016-05-09T19:55:50","guid":{"rendered":"http:\/\/catolicanet.net\/wp-cnet\/2016\/05\/09\/diocese-de-caico-rn-recebe-juventude-missionaria\/"},"modified":"2017-05-26T16:05:36","modified_gmt":"2017-05-26T19:05:36","slug":"diocese-de-caico-rn-recebe-juventude-missionaria","status":"publish","type":"post","link":"https:\/\/catolicanet.net\/wp-cnet\/diocese-de-caico-rn-recebe-juventude-missionaria\/","title":{"rendered":"Diocese de Caic\u00f3 (RN) recebe Juventude Mission\u00e1ria"},"content":{"rendered":"<p style=\"text-align: justify;\"><img decoding=\"async\" src=\"http:\/\/catolicanet.com.br\/images\/stories\/noticias\/missao.jpg\" border=\"0\" align=\"left\" \/>Jovens visitaram cidades da regi\u00e3o, com proposta de falar da miseric\u00f3rdia de Deus aos moradores<\/p>\n<p>Cerca de 200 jovens participaram, no dia 1\u00ba de maio, em S\u00e3o Jos\u00e9 do Serid\u00f3 (RN), do Interc\u00e2mbio Mission\u00e1rio da Juventude Mission\u00e1ria (JM) da diocese de Caic\u00f3 (RN). A atividade reuniu mission\u00e1rios das cidades de Cruzeta, Jardim do Serid\u00f3, Parelhas, Caic\u00f3, Lagoa Nova e S\u00e3o Jos\u00e9 do Serid\u00f3. <\/p>\n<p>De acordo com coordenadora diocesana da JM, Juciane Chianca, o evento celebrou o despertar mission\u00e1rio. \u201cO interc\u00e2mbio foi um importante momento de troca de experi\u00eancias e celebra\u00e7\u00e3o da caminhada. Al\u00e9m disso, com os gestos concretos, podemos efetivar o que foi trabalhado na Campanha Fraternidade deste ano. Aqui tamb\u00e9m iniciamos o projeto Cultura do Bem Viver, que ser\u00e1 trabalhado pela JM\u201d, disse Juciane. <\/p>\n<p>Durante a miss\u00e3o, os participantes dividiram-se em grupos e foram encaminhados para a execu\u00e7\u00e3o dos gestos concretos do interc\u00e2mbio. Houve prepara\u00e7\u00e3o e plantio de mudas, visita ao projeto de arboriza\u00e7\u00e3o desenvolvido na escola da cidade e instala\u00e7\u00e3o de tambores para coleta seletiva. Al\u00e9m da conversa e distribui\u00e7\u00e3o de panfletos, os mission\u00e1rios buscaram conscientizar a popula\u00e7\u00e3o sobre import\u00e2ncia da destina\u00e7\u00e3o correta do lixo.<\/p>\n<p>Como parte do Interc\u00e2mbio Mission\u00e1rio, os jovens foram distribu\u00eddos em v\u00e1rias partes da cidade, saindo de porta em porta, com a proposta de falar da miseric\u00f3rdia de Deus, dentro do contexto do Ano Santo. <br \/>CNBB com POM\/informa\u00e7\u00f5es e foto da diocese de Caic\u00f3 (RN).<\/p>\n<p style=\"text-align: justify;\">\u00a0<\/p>\n<p style=\"text-align: justify;\">Fonte: CNBB<\/p>\n","protected":false},"excerpt":{"rendered":"<p>Jovens visitaram cidades da regi\u00e3o, com proposta de falar da miseric\u00f3rdia de Deus aos moradores Cerca de 200 jovens participaram, no dia 1\u00ba de maio, em S\u00e3o Jos\u00e9 do Serid\u00f3 (RN), do Interc\u00e2mbio Mission\u00e1rio da Juventude Mission\u00e1ria (JM) da diocese de Caic\u00f3 (RN). A atividade reuniu mission\u00e1rios das cidades de Cruzeta, Jardim do Serid\u00f3, Parelhas, [&hellip;]<\/p>\n","protected":false},"author":1,"featured_media":0,"comment_status":"open","ping_status":"open","sticky":false,"template":"","format":"standard","meta":{"footnotes":""},"categories":[7],"tags":[],"class_list":["post-14453","post","type-post","status-publish","format-standard","hentry","category-cnbb"],"_links":{"self":[{"href":"https:\/\/catolicanet.net\/wp-cnet\/wp-json\/wp\/v2\/posts\/14453","targetHints":{"allow":["GET"]}}],"collection":[{"href":"https:\/\/catolicanet.net\/wp-cnet\/wp-json\/wp\/v2\/posts"}],"about":[{"href":"https:\/\/catolicanet.net\/wp-cnet\/wp-json\/wp\/v2\/types\/post"}],"author":[{"embeddable":true,"href":"https:\/\/catolicanet.net\/wp-cnet\/wp-json\/wp\/v2\/users\/1"}],"replies":[{"embeddable":true,"href":"https:\/\/catolicanet.net\/wp-cnet\/wp-json\/wp\/v2\/comments?post=14453"}],"version-history":[{"count":1,"href":"https:\/\/catolicanet.net\/wp-cnet\/wp-json\/wp\/v2\/posts\/14453\/revisions"}],"predecessor-version":[{"id":23721,"href":"https:\/\/catolicanet.net\/wp-cnet\/wp-json\/wp\/v2\/posts\/14453\/revisions\/23721"}],"wp:attachment":[{"href":"https:\/\/catolicanet.net\/wp-cnet\/wp-json\/wp\/v2\/media?parent=14453"}],"wp:term":[{"taxonomy":"category","embeddable":true,"href":"https:\/\/catolicanet.net\/wp-cnet\/wp-json\/wp\/v2\/categories?post=14453"},{"taxonomy":"post_tag","embeddable":true,"href":"https:\/\/catolicanet.net\/wp-cnet\/wp-json\/wp\/v2\/tags?post=14453"}],"curies":[{"name":"wp","href":"https:\/\/api.w.org\/{rel}","templated":true}]}}