{"id":14449,"date":"2016-05-09T13:26:10","date_gmt":"2016-05-09T16:26:10","guid":{"rendered":"http:\/\/catolicanet.net\/wp-cnet\/2016\/05\/09\/o-dia-da-despedida\/"},"modified":"2017-05-08T13:36:15","modified_gmt":"2017-05-08T16:36:15","slug":"o-dia-da-despedida","status":"publish","type":"post","link":"https:\/\/catolicanet.net\/wp-cnet\/o-dia-da-despedida\/","title":{"rendered":"O dia da despedida"},"content":{"rendered":"<p style=\"text-align: justify;\">Entre a P\u00e1scoa da Ressurrei\u00e7\u00e3o e a festa de Pentecostes \u2013 a vinda do Esp\u00edrito Santo \u2013 a Igreja situa a solenidade da Ascens\u00e3o. \u00c9 mais um momento do processo pelo qual passam os disc\u00edpulos ap\u00f3s a morte de Jesus. Aqueles que sa\u00edram correndo cheios de medo quando Jesus foi preso, julgado e crucificado, foram confortados pelo encontro com o Senhor ressuscitado. Agora, por estarem suficientemente firmes na f\u00e9, Jesus se despede deles. Deixa-lhes, por\u00e9m, uma nova promessa: a promessa do Esp\u00edrito Santo.<br \/>A vinda do Esp\u00edrito Santo dar\u00e1 for\u00e7as aos disc\u00edpulos para que d\u00eaem testemunho de Jesus \u201cem Jerusal\u00e9m, em toda a Judeia, na Samaria e at\u00e9 os confins do mundo\u201d.\u00a0 O Esp\u00edrito ser\u00e1 \u00e0 for\u00e7a do alto da qual se revestir\u00e3o os disc\u00edpulos. No entanto, para que o Esp\u00edrito chegue, \u00e9 preciso que Jesus se v\u00e1. \u00c9 necess\u00e1rio que, durante algum tempo, os disc\u00edpulos aprendam a viver por si s\u00f3s.<br \/>Poder\u00edamos dizer que esta festa nos fala da pedagogia de Deus com os homens. Jesus chamou alguns pescadores ignorantes. Foi lhes ensinando ao longo de tr\u00eas anos, assim nos relatam os evangelhos. N\u00e3o foi suficiente. Na hora da cruz, todos, exceto Jo\u00e3o e umas poucas mulheres, sa\u00edram correndo.\u00a0 Depois, os disc\u00edpulos viveram a experi\u00eancia da ressurrei\u00e7\u00e3o. N\u00e3o lhes foi f\u00e1cil, a princ\u00edpio aceitar que Jesus estava vivo. Precisaram de tempo para isso. Agora, at\u00e9 aquela presen\u00e7a misteriosa desaparece. Jesus promete-lhes o Esp\u00edrito, mas, durante certo tempo, t\u00eam que aprender a estar s\u00f3s, a ter a responsabilidade de sua f\u00e9 em suas m\u00e3os, at\u00e9 que chegue o Esp\u00edrito que lhes dar\u00e1 for\u00e7as para que d\u00eaem testemunho do Reino.<br \/>A festa da Ascens\u00e3o deveria nos fazer pensar no modo como vivemos nossa f\u00e9. Dever\u00edamos aprender a ter com n\u00f3s mesmos e com nossos irm\u00e3os a mesma paci\u00eancia que Deus teve com os disc\u00edpulos e que tem conosco. Como os bons livros precisam ser lidos v\u00e1rias vezes para que possamos apreciar todo o seu valor, de igual maneira, a f\u00e9 necessita de tempo, estudo e ora\u00e7\u00e3o para que se fa\u00e7a vida em n\u00f3s. Nossa comunidade crist\u00e3 crescer\u00e1 \u00e0 medida que todos n\u00f3s cres\u00e7amos na escuta do Senhor. Da mesma forma que os disc\u00edpulos, haver\u00e1 dias em que sentiremos a proximidade da presen\u00e7a de Deus e, em outros, nos sentiremos sozinhos. Tudo \u00e9 parte do processo que nos conduzir\u00e1 a viver plenamente a nossa f\u00e9 e a ser testemunhas do Reino em nosso mundo. A festa da Ascens\u00e3o deve nos ajudar a colocar nossa confian\u00e7a em Jesus. Ainda que pare\u00e7a estarmos sozinhos, Jesus nos prometeu seu Esp\u00edrito. E Ele n\u00e3o falha nunca.<br \/>Quero, de cora\u00e7\u00e3o, rezar por todas as m\u00e3es. Por aquelas que est\u00e3o no c\u00e9u na comunh\u00e3o dos santos. Por todas as que peregrinam neste mundo quero abra\u00e7a-las e levar-lhes meu afetuoso muito obrigado pela sua maternidade. Ser m\u00e3e \u00e9 estar cooperando com Deus na hist\u00f3ria da salva\u00e7\u00e3o. Deus aben\u00e7oe estas mulheres guerreiras!<\/p>\n","protected":false},"excerpt":{"rendered":"<p>Entre a P\u00e1scoa da Ressurrei\u00e7\u00e3o e a festa de Pentecostes \u2013 a vinda do Esp\u00edrito Santo \u2013 a Igreja situa a solenidade da Ascens\u00e3o. \u00c9 mais um momento do processo pelo qual passam os disc\u00edpulos ap\u00f3s a morte de Jesus. Aqueles que sa\u00edram correndo cheios de medo quando Jesus foi preso, julgado e crucificado, foram [&hellip;]<\/p>\n","protected":false},"author":10,"featured_media":0,"comment_status":"open","ping_status":"open","sticky":false,"template":"","format":"standard","meta":{"footnotes":""},"categories":[9],"tags":[],"class_list":["post-14449","post","type-post","status-publish","format-standard","hentry","category-artigos"],"_links":{"self":[{"href":"https:\/\/catolicanet.net\/wp-cnet\/wp-json\/wp\/v2\/posts\/14449","targetHints":{"allow":["GET"]}}],"collection":[{"href":"https:\/\/catolicanet.net\/wp-cnet\/wp-json\/wp\/v2\/posts"}],"about":[{"href":"https:\/\/catolicanet.net\/wp-cnet\/wp-json\/wp\/v2\/types\/post"}],"author":[{"embeddable":true,"href":"https:\/\/catolicanet.net\/wp-cnet\/wp-json\/wp\/v2\/users\/10"}],"replies":[{"embeddable":true,"href":"https:\/\/catolicanet.net\/wp-cnet\/wp-json\/wp\/v2\/comments?post=14449"}],"version-history":[{"count":1,"href":"https:\/\/catolicanet.net\/wp-cnet\/wp-json\/wp\/v2\/posts\/14449\/revisions"}],"predecessor-version":[{"id":21560,"href":"https:\/\/catolicanet.net\/wp-cnet\/wp-json\/wp\/v2\/posts\/14449\/revisions\/21560"}],"wp:attachment":[{"href":"https:\/\/catolicanet.net\/wp-cnet\/wp-json\/wp\/v2\/media?parent=14449"}],"wp:term":[{"taxonomy":"category","embeddable":true,"href":"https:\/\/catolicanet.net\/wp-cnet\/wp-json\/wp\/v2\/categories?post=14449"},{"taxonomy":"post_tag","embeddable":true,"href":"https:\/\/catolicanet.net\/wp-cnet\/wp-json\/wp\/v2\/tags?post=14449"}],"curies":[{"name":"wp","href":"https:\/\/api.w.org\/{rel}","templated":true}]}}