{"id":14443,"date":"2016-05-05T16:34:32","date_gmt":"2016-05-05T19:34:32","guid":{"rendered":"http:\/\/catolicanet.net\/wp-cnet\/2016\/05\/05\/qo-trabalhador-e-a-trabalhadora-precisam-ser-respeitados-pelos-seus-direitosq-afirma-dom-geraldo-lyrio\/"},"modified":"2017-05-26T16:05:36","modified_gmt":"2017-05-26T19:05:36","slug":"qo-trabalhador-e-a-trabalhadora-precisam-ser-respeitados-pelos-seus-direitosq-afirma-dom-geraldo-lyrio","status":"publish","type":"post","link":"https:\/\/catolicanet.net\/wp-cnet\/qo-trabalhador-e-a-trabalhadora-precisam-ser-respeitados-pelos-seus-direitosq-afirma-dom-geraldo-lyrio\/","title":{"rendered":"&#8220;O trabalhador e a trabalhadora precisam ser respeitados pelos seus direitos&#8221;, afirma dom Geraldo Lyrio"},"content":{"rendered":"<p style=\"text-align: justify;\"><img decoding=\"async\" src=\"http:\/\/catolicanet.com.br\/images\/stories\/noticias\/mariana-1demaio2.jpg\" border=\"0\" align=\"left\" \/>Dia do Trabalhador, 1\u00ba de maio, foi celebrado na arquidiocese de Mariana (MG) com uma Romaria e a acolhida da imagem peregrina de Nossa Senhora Aparecida<\/p>\n<p>O munic\u00edpio de Uruc\u00e2nia (MG) recebeu cerca de 3 mil pessoas para a XXVI Romaria dos Trabalhadores e Trabalhadoras da arquidiocese de Mariana (MG). De acordo com o arcebispo, dom Geraldo Lyrio Rocha, a data \u00e9 ocasi\u00e3o de comemora\u00e7\u00e3o das lutas dos trabalhadores, \u201ccomo a redu\u00e7\u00e3o da jornada de trabalho, que significa um reconhecimento da dignidade do trabalhador e da trabalhadora\u201d. <\/p>\n<p>\u201cTodo ano, no dia 1\u00b0 de maio, recorda-se a hist\u00f3ria e se reafirma a dignidade do trabalhador e da trabalhadora, com todos os direitos que n\u00e3o podem ser esquecidos. O trabalhador e a trabalhadora precisam ser respeitados pelos seus direitos, por sua dignidade de pessoa humana, que \u00e9 filho e filha de Deus. Gente n\u00e3o \u00e9 coisa, gente n\u00e3o \u00e9 objeto, trabalhador n\u00e3o \u00e9 m\u00e1quina, mas sim pessoa, pessoa humana, carregada de b\u00ean\u00e7\u00e3os e de sua filia\u00e7\u00e3o divina\u201d, ressaltou dom Geraldo na Romaria, que teve como tema \u201cCasa Comum: Reconstruir e defender a vida\u201d.<\/p>\n<p>Para o vig\u00e1rio episcopal da regi\u00e3o leste da arquidiocese, padre Valter Monteiro, a Romaria \u00e9 sempre um momento importante e rico de caminhada da Igreja, principalmente naquela regi\u00e3o da Igreja Particular que \u00e9 muito engajada nas causas sociais. \u201cDiante desse momento t\u00e3o dif\u00edcil que estamos vivendo, na conjuntura nacional, essa pol\u00edtica t\u00e3o conturbada, os pol\u00edticos, a manipula\u00e7\u00e3o dos meios sociais, a trag\u00e9dia da lama da Samarco, tudo isso contribuiu para que essa romaria revestisse em um car\u00e1ter muito especial\u201d, afirmou.<\/p>\n<p>O ato com os trabalhadores acontece em Mariana desde 1990.<br \/>Jubileu<\/p>\n<p>Neste Ano Jubilar da Miseric\u00f3rdia, a arquidiocese aproveitou o dia 1\u00ba de maio para celebrar o Jubileu dos Trabalhadores e Trabalhadoras. \u201cAqui se realiza o Jubileu dos Trabalhadores e Trabalhadoras, exatamente no ano em que celebramos os 10 anos do falecimento de dom Luciano Mendes de Almeida, que foi para n\u00f3s um testemunho vivo da miseric\u00f3rdia de Deus, no cuidado dos pequeninos, dos pobres e no servi\u00e7o generoso a todos. Esse \u00e9 um momento cheio de significado e muito rico para o nosso povo\u201d, disse dom Geraldo Lyrio Rocha.<br \/>Imagem peregrina<\/p>\n<p>A imagem de Nossa Senhora Aparecida foi recebida na regi\u00e3o pastoral Leste. Dom Geraldo Lyrio Rocha explicou que a padroeira do Brasil vai percorrer todas as 40 par\u00f3quias da regi\u00e3o, em prepara\u00e7\u00e3o para a celebra\u00e7\u00e3o dos 300 anos da apari\u00e7\u00e3o de Nossa Senhora Aparecida. \u201cA Imagem Peregrina n\u00e3o deve peregrinar s\u00f3 de uma par\u00f3quia para outras, mas sim, dentro da par\u00f3quia\u201d, sublinhou o arcebispo.<\/p>\n<p>\u201cNossa Senhora Aparecida \u00e9 uma santa popular e que sempre esteve relacionada \u00e0 luta contra a escravid\u00e3o e ligada \u00e0 defesa do direito dos trabalhadores. Ela fala ao cora\u00e7\u00e3o das pessoas\u201d, conclui padre Valter.<br \/>Com informa\u00e7\u00f5es e foto da arquidiocese de Mariana<\/p>\n<p style=\"text-align: justify;\">Fonte: CNBB<\/p>\n","protected":false},"excerpt":{"rendered":"<p>Dia do Trabalhador, 1\u00ba de maio, foi celebrado na arquidiocese de Mariana (MG) com uma Romaria e a acolhida da imagem peregrina de Nossa Senhora Aparecida O munic\u00edpio de Uruc\u00e2nia (MG) recebeu cerca de 3 mil pessoas para a XXVI Romaria dos Trabalhadores e Trabalhadoras da arquidiocese de Mariana (MG). De acordo com o arcebispo, [&hellip;]<\/p>\n","protected":false},"author":1,"featured_media":0,"comment_status":"open","ping_status":"open","sticky":false,"template":"","format":"standard","meta":{"footnotes":""},"categories":[7],"tags":[],"class_list":["post-14443","post","type-post","status-publish","format-standard","hentry","category-cnbb"],"_links":{"self":[{"href":"https:\/\/catolicanet.net\/wp-cnet\/wp-json\/wp\/v2\/posts\/14443","targetHints":{"allow":["GET"]}}],"collection":[{"href":"https:\/\/catolicanet.net\/wp-cnet\/wp-json\/wp\/v2\/posts"}],"about":[{"href":"https:\/\/catolicanet.net\/wp-cnet\/wp-json\/wp\/v2\/types\/post"}],"author":[{"embeddable":true,"href":"https:\/\/catolicanet.net\/wp-cnet\/wp-json\/wp\/v2\/users\/1"}],"replies":[{"embeddable":true,"href":"https:\/\/catolicanet.net\/wp-cnet\/wp-json\/wp\/v2\/comments?post=14443"}],"version-history":[{"count":1,"href":"https:\/\/catolicanet.net\/wp-cnet\/wp-json\/wp\/v2\/posts\/14443\/revisions"}],"predecessor-version":[{"id":23722,"href":"https:\/\/catolicanet.net\/wp-cnet\/wp-json\/wp\/v2\/posts\/14443\/revisions\/23722"}],"wp:attachment":[{"href":"https:\/\/catolicanet.net\/wp-cnet\/wp-json\/wp\/v2\/media?parent=14443"}],"wp:term":[{"taxonomy":"category","embeddable":true,"href":"https:\/\/catolicanet.net\/wp-cnet\/wp-json\/wp\/v2\/categories?post=14443"},{"taxonomy":"post_tag","embeddable":true,"href":"https:\/\/catolicanet.net\/wp-cnet\/wp-json\/wp\/v2\/tags?post=14443"}],"curies":[{"name":"wp","href":"https:\/\/api.w.org\/{rel}","templated":true}]}}