{"id":14428,"date":"2016-05-05T13:07:46","date_gmt":"2016-05-05T16:07:46","guid":{"rendered":"http:\/\/catolicanet.net\/wp-cnet\/2016\/05\/05\/igrejasociedade-encontro-nacional-de-leigos-vai-alertar-para-lvitimas-do-abortor\/"},"modified":"2017-05-30T09:05:23","modified_gmt":"2017-05-30T12:05:23","slug":"igrejasociedade-encontro-nacional-de-leigos-vai-alertar-para-lvitimas-do-abortor","status":"publish","type":"post","link":"https:\/\/catolicanet.net\/wp-cnet\/igrejasociedade-encontro-nacional-de-leigos-vai-alertar-para-lvitimas-do-abortor\/","title":{"rendered":"Igreja\/Sociedade: Encontro Nacional de Leigos vai alertar para \u00abv\u00edtimas do aborto\u00bb"},"content":{"rendered":"<p style=\"text-align: justify;\"><img decoding=\"async\" src=\"http:\/\/catolicanet.com.br\/images\/stories\/noticias\/mulher_aborto.jpg\" border=\"0\" align=\"left\" \/>Tem\u00e1tica estar\u00e1 inserida no painel \u00abReconcilia\u00e7\u00e3o e Perd\u00e3o\u00bb, este s\u00e1bado em \u00c9vora<\/p>\n<p style=\"text-align: justify;\">Um dos pain\u00e9is do 3.\u00ba Encontro Nacional de Leigos, este s\u00e1bado em \u00c9vora, vai olhar para as pessoas que atualmente sofrem com a realidade do aborto, por terem-no praticado ou sido c\u00famplices na sua pr\u00e1tica.<\/p>\n<p>Em entrevista \u00e0 Ag\u00eancia ECCLESIA, Pedro Gil, que vai moderar o debate intitulado \u201cReconcilia\u00e7\u00e3o e Perd\u00e3o\u201d, real\u00e7a que existem hoje pessoas que s\u00e3o \u201cv\u00edtimas do aborto\u201d, cujas \u201cferidas \u00e9 urgente curar\u201d.<\/p>\n<p>\u201cA ideia da reconcilia\u00e7\u00e3o e perd\u00e3o\u201d, real\u00e7a o diretor do gabinete de imprensa do Opus Dei, \u201ctem a ver n\u00e3o s\u00f3 com a pacifica\u00e7\u00e3o entre pessoas desavindas, mas tamb\u00e9m com aquele processo de cura interior pela qual elas se libertam do peso das coisas que fizeram erradamente\u201d.<\/p>\n<p>A pr\u00e1tica do aborto, a par de outras quest\u00f5es ligadas ao direito \u00e0 vida, como a eutan\u00e1sia e a procria\u00e7\u00e3o medicamente assistida, continuam hoje em debate na sociedade portuguesa.<\/p>\n<p>Al\u00e9m da situa\u00e7\u00e3o das pessoas envolvidas na pr\u00e1tica da interrup\u00e7\u00e3o volunt\u00e1ria da gravidez, que contar\u00e1 com uma interven\u00e7\u00e3o da psic\u00f3loga Maria Jos\u00e9 Vila\u00e7a, o painel \u201cReconcilia\u00e7\u00e3o e Perd\u00e3o\u201d vai abordar tamb\u00e9m esta tem\u00e1tica \u201cna vida e no sacramento\u201d e \u201cem pessoas presas\u201d.<\/p>\n<p>Neste caso com o apoio dos oradores Pedro Valinho Gomes, te\u00f3logo e assessor-executivo do Santu\u00e1rio de F\u00e1tima; e Cl\u00e1udia Assis Teixeira, presidente da Associa\u00e7\u00e3o de Visitadores de Reclusos.<\/p>\n<p>O 3.\u00ba Encontro Nacional de Leigos, sob o lema \u201cNada nos \u00e9 indiferente entre a Terra e o C\u00e9u\u201d, conta com a organiza\u00e7\u00e3o da Confer\u00eancia Nacional do Apostolado dos Leigos e pretende contribuir para uma reflex\u00e3o alargada \u00e0 realidade atual, nos v\u00e1rios setores da sociedade.<\/p>\n<p>\u201cN\u00f3s estamos numa \u00e9poca em que tudo \u00e9 muito apressado e podemos ser envolvidos numa esp\u00e9cie de correnteza que nos arrasta e temos que parar para pensar, sobretudo com profundidade, e esse \u00e9 o grande desafio deste encontro\u201d, sublinha Pedro Gil.<\/p>\n<p>Esta iniciativa, que dever\u00e1 contar com cerca de mil pessoas inscritas, quer envolver crist\u00e3os e n\u00e3o-crist\u00e3os, portugueses e estrangeiros, membros de movimentos ligados \u00e0 Igreja Cat\u00f3lica e p\u00fablico em geral.<\/p>\n<p>A Portugal e a \u00c9vora, mais concretamente \u00e0 Igreja de S\u00e3o Francisco, v\u00e3o chegar figuras como a iraquina Pascale Warda, ativista pelos direitos humanos no seu pa\u00eds; o espanhol Luis Ventura Fern\u00e1ndez, antrop\u00f3logo e leigo mission\u00e1rio na Amaz\u00f3nia; e o norte-americano Joseph Campo, que atrav\u00e9s do cinema tem denunciado a realidade da pobreza em Nova Iorque.<\/p>\n<p>Para a jornalista Laurinda Alves, que tamb\u00e9m est\u00e1 envolvida no encontro nacional do Alentejo, o evento ser\u00e1 tamb\u00e9m uma oportunidade para os crist\u00e3os darem \u201cum olhar que humaniza\u201d a uma \u201crealidade \u00e0s vezes t\u00e3o desumanizada e fragmentada\u201d.<\/p>\n<p>Neste sentido, a ideia passa \u201cmuito por buscar esta ideia do Papa Francisco\u201d que apela a \u201cabrir \u00e0s periferias, a derrubar fronteiras, a fazer com que ningu\u00e9m se sinta exclu\u00eddo\u201d, complementa.<\/p>\n<p style=\"text-align: justify;\">\u00a0<\/p>\n<p style=\"text-align: justify;\">Fonte: Ag\u00eancia ECCLESIA<\/p>\n","protected":false},"excerpt":{"rendered":"<p>Tem\u00e1tica estar\u00e1 inserida no painel \u00abReconcilia\u00e7\u00e3o e Perd\u00e3o\u00bb, este s\u00e1bado em \u00c9vora Um dos pain\u00e9is do 3.\u00ba Encontro Nacional de Leigos, este s\u00e1bado em \u00c9vora, vai olhar para as pessoas que atualmente sofrem com a realidade do aborto, por terem-no praticado ou sido c\u00famplices na sua pr\u00e1tica. Em entrevista \u00e0 Ag\u00eancia ECCLESIA, Pedro Gil, que [&hellip;]<\/p>\n","protected":false},"author":1,"featured_media":0,"comment_status":"open","ping_status":"open","sticky":false,"template":"","format":"standard","meta":{"footnotes":""},"categories":[4],"tags":[],"class_list":["post-14428","post","type-post","status-publish","format-standard","hentry","category-cotidiano"],"_links":{"self":[{"href":"https:\/\/catolicanet.net\/wp-cnet\/wp-json\/wp\/v2\/posts\/14428","targetHints":{"allow":["GET"]}}],"collection":[{"href":"https:\/\/catolicanet.net\/wp-cnet\/wp-json\/wp\/v2\/posts"}],"about":[{"href":"https:\/\/catolicanet.net\/wp-cnet\/wp-json\/wp\/v2\/types\/post"}],"author":[{"embeddable":true,"href":"https:\/\/catolicanet.net\/wp-cnet\/wp-json\/wp\/v2\/users\/1"}],"replies":[{"embeddable":true,"href":"https:\/\/catolicanet.net\/wp-cnet\/wp-json\/wp\/v2\/comments?post=14428"}],"version-history":[{"count":1,"href":"https:\/\/catolicanet.net\/wp-cnet\/wp-json\/wp\/v2\/posts\/14428\/revisions"}],"predecessor-version":[{"id":24362,"href":"https:\/\/catolicanet.net\/wp-cnet\/wp-json\/wp\/v2\/posts\/14428\/revisions\/24362"}],"wp:attachment":[{"href":"https:\/\/catolicanet.net\/wp-cnet\/wp-json\/wp\/v2\/media?parent=14428"}],"wp:term":[{"taxonomy":"category","embeddable":true,"href":"https:\/\/catolicanet.net\/wp-cnet\/wp-json\/wp\/v2\/categories?post=14428"},{"taxonomy":"post_tag","embeddable":true,"href":"https:\/\/catolicanet.net\/wp-cnet\/wp-json\/wp\/v2\/tags?post=14428"}],"curies":[{"name":"wp","href":"https:\/\/api.w.org\/{rel}","templated":true}]}}