{"id":14426,"date":"2016-05-05T12:57:11","date_gmt":"2016-05-05T15:57:11","guid":{"rendered":"http:\/\/catolicanet.net\/wp-cnet\/2016\/05\/05\/media-igreja-tem-dedicado-atencao-lpermanenter-ao-setor-d-pio-alves\/"},"modified":"2017-05-31T10:55:38","modified_gmt":"2017-05-31T13:55:38","slug":"media-igreja-tem-dedicado-atencao-lpermanenter-ao-setor-d-pio-alves","status":"publish","type":"post","link":"https:\/\/catolicanet.net\/wp-cnet\/media-igreja-tem-dedicado-atencao-lpermanenter-ao-setor-d-pio-alves\/","title":{"rendered":"Media: Igreja tem dedicado aten\u00e7\u00e3o \u00abpermanente\u00bb ao setor &#8211; D. Pio Alves"},"content":{"rendered":"<p style=\"text-align: justify;\"><img decoding=\"async\" src=\"http:\/\/catolicanet.com.br\/images\/stories\/noticias\/pagina29.jpg\" border=\"0\" align=\"left\" \/>Presidente da Comiss\u00e3o Episcopal da Cultura, Bens Culturais e Comunica\u00e7\u00f5es Sociais apresenta mensagens dos Papas ao longo de 50 anos<\/p>\n<p>O presidente da Comiss\u00e3o Episcopal da Cultura, Bens Culturais e Comunica\u00e7\u00f5es Sociais afirmou que h\u00e1 uma aten\u00e7\u00e3o \u201cpermanente\u201d da Igreja Cat\u00f3lica \u00e0 \u201cevolu\u00e7\u00e3o\u201d dos media e ao \u201ccontributo dos valores humanos e crist\u00e3os\u201d para a comunica\u00e7\u00e3o.<\/p>\n<p>\u201cAs mensagens mostram a permanente aten\u00e7\u00e3o da Igreja \u00e0s implica\u00e7\u00f5es sociais e de evangeliza\u00e7\u00e3o conexas com o progressivo enriquecimento dos recursos comunicacionais\u201d, escreve D. Pio Alves, no pref\u00e1cio do livro \u2018Dia Mundial das Comunica\u00e7\u00f5es Sociais. 50 mensagens, de Paulo VI a Francisco\u2019.<\/p>\n<p>A publica\u00e7\u00e3o do Secretariado Nacional das Comunica\u00e7\u00f5es Sociais (SNCS), com a chancela da Paulus Editora, vai ser apresentada hoje, em Lisboa, no contexto da celebra\u00e7\u00e3o do 50\u00ba Dia Mundial das Comunica\u00e7\u00f5es Sociais (8 de maio).<\/p>\n<p>Al\u00e9m do um livro que re\u00fane todas as mensagens dos Papas para esta jornada, o SNCS assinala a data com o lan\u00e7amento do &#8216;Pr\u00e9mio de Jornalismo D. Manuel Falc\u00e3o\u2019.<\/p>\n<p>Segundo o presidente da Comiss\u00e3o Episcopal da Cultura, Bens Culturais e Comunica\u00e7\u00f5es Sociais, organismo da Confer\u00eancia Episcopal Portuguesa, as mensagens dos sucessivos Papas \u201ctestemunham a impressionante evolu\u00e7\u00e3o tecnol\u00f3gica no \u00e2mbito global da comunica\u00e7\u00e3o\u201d.<\/p>\n<p>\u201cGlobalmente, a aten\u00e7\u00e3o pende muito mais para um di\u00e1logo com as popula\u00e7\u00f5es em geral e os produtores e utilizadores da comunica\u00e7\u00e3o, nos seus diferentes suportes, que para abordagens mais intraeclesiais\u201d, observa D. Pio Alves.<\/p>\n<p>Este respons\u00e1vel fala numa \u201cextensa\u201d lista de \u201csublinhados de valores fundamentais\u201d e de \u201cvalores crist\u00e3os\u201d.<\/p>\n<p>O SNCS apresenta hoje a mensagem do Papa Francisco para o Dia Mundial das Comunica\u00e7\u00f5es Sociais 2016 (8 de maio), num encontro dirigido a todos os profissionais dos meios de comunica\u00e7\u00e3o social e colaboradores da Igreja Cat\u00f3lica, com in\u00edcio marcado para as 16h00, no Museu de S\u00e3o Roque, em Lisboa.<\/p>\n<p style=\"text-align: justify;\">\u00a0<\/p>\n<p style=\"text-align: justify;\">Fonte: Ag\u00eancia Ecclesia<\/p>\n","protected":false},"excerpt":{"rendered":"<p>Presidente da Comiss\u00e3o Episcopal da Cultura, Bens Culturais e Comunica\u00e7\u00f5es Sociais apresenta mensagens dos Papas ao longo de 50 anos O presidente da Comiss\u00e3o Episcopal da Cultura, Bens Culturais e Comunica\u00e7\u00f5es Sociais afirmou que h\u00e1 uma aten\u00e7\u00e3o \u201cpermanente\u201d da Igreja Cat\u00f3lica \u00e0 \u201cevolu\u00e7\u00e3o\u201d dos media e ao \u201ccontributo dos valores humanos e crist\u00e3os\u201d para a [&hellip;]<\/p>\n","protected":false},"author":1,"featured_media":0,"comment_status":"open","ping_status":"open","sticky":false,"template":"","format":"standard","meta":{"footnotes":""},"categories":[4],"tags":[],"class_list":["post-14426","post","type-post","status-publish","format-standard","hentry","category-cotidiano"],"_links":{"self":[{"href":"https:\/\/catolicanet.net\/wp-cnet\/wp-json\/wp\/v2\/posts\/14426","targetHints":{"allow":["GET"]}}],"collection":[{"href":"https:\/\/catolicanet.net\/wp-cnet\/wp-json\/wp\/v2\/posts"}],"about":[{"href":"https:\/\/catolicanet.net\/wp-cnet\/wp-json\/wp\/v2\/types\/post"}],"author":[{"embeddable":true,"href":"https:\/\/catolicanet.net\/wp-cnet\/wp-json\/wp\/v2\/users\/1"}],"replies":[{"embeddable":true,"href":"https:\/\/catolicanet.net\/wp-cnet\/wp-json\/wp\/v2\/comments?post=14426"}],"version-history":[{"count":1,"href":"https:\/\/catolicanet.net\/wp-cnet\/wp-json\/wp\/v2\/posts\/14426\/revisions"}],"predecessor-version":[{"id":26062,"href":"https:\/\/catolicanet.net\/wp-cnet\/wp-json\/wp\/v2\/posts\/14426\/revisions\/26062"}],"wp:attachment":[{"href":"https:\/\/catolicanet.net\/wp-cnet\/wp-json\/wp\/v2\/media?parent=14426"}],"wp:term":[{"taxonomy":"category","embeddable":true,"href":"https:\/\/catolicanet.net\/wp-cnet\/wp-json\/wp\/v2\/categories?post=14426"},{"taxonomy":"post_tag","embeddable":true,"href":"https:\/\/catolicanet.net\/wp-cnet\/wp-json\/wp\/v2\/tags?post=14426"}],"curies":[{"name":"wp","href":"https:\/\/api.w.org\/{rel}","templated":true}]}}