{"id":14413,"date":"2016-05-04T14:09:40","date_gmt":"2016-05-04T17:09:40","guid":{"rendered":"http:\/\/catolicanet.net\/wp-cnet\/2016\/05\/04\/portugal-centro-nacional-de-cultura-vai-homenagear-d-tomaz-nunes\/"},"modified":"2017-05-31T10:55:40","modified_gmt":"2017-05-31T13:55:40","slug":"portugal-centro-nacional-de-cultura-vai-homenagear-d-tomaz-nunes","status":"publish","type":"post","link":"https:\/\/catolicanet.net\/wp-cnet\/portugal-centro-nacional-de-cultura-vai-homenagear-d-tomaz-nunes\/","title":{"rendered":"Portugal: Centro Nacional de Cultura vai homenagear D. Tomaz Nunes"},"content":{"rendered":"<p style=\"text-align: justify;\"><img decoding=\"async\" src=\"http:\/\/catolicanet.com.br\/images\/stories\/noticias\/d.tomaz_nunes.jpg\" border=\"0\" align=\"left\" \/>Antigo bispo auxiliar de Lisboa, falecido em 2010, destacou-se pelo seu empenho no \u00abmundo da educa\u00e7\u00e3o\u00bb<\/p>\n<p>O Centro Nacional de Cultura vai homenagear hoje D. Tomaz da Silva Nunes, antigo bispo auxiliar de Lisboa, falecido em setembro de 2010.<\/p>\n<p>Num comunicado divulgado atrav\u00e9s da p\u00e1gina de internet do Patriarcado de Lisboa, aquele organismo real\u00e7a um homem que dedicou boa parte do seu minist\u00e9rio ao &#8220;mundo da educa\u00e7\u00e3o&#8221;, como presidente da Comiss\u00e3o Episcopal da Educa\u00e7\u00e3o Crist\u00e3 e intermedi\u00e1rio com o Governo para a Educa\u00e7\u00e3o Crist\u00e3 nas Escolas, no \u00e2mbito da disciplina de Educa\u00e7\u00e3o Moral e Religiosa Cat\u00f3lica.<\/p>\n<p>&#8220;Era um profundo conhecedor das escolas e da aprendizagem, um lutador pela liberdade educativa e um defensor do patrim\u00f4nio cultural\u201d, frisa o CNC.<\/p>\n<p>A sess\u00e3o de homenagem, marcada para as 18h00 da pr\u00f3xima quarta-feira na sede do CNC (Largo do Picadeiro, 10, Lisboa), vai contar &#8220;com interven\u00e7\u00f5es de Guilherme d\u2019Oliveira Martins&#8221;, o atual presidente do organismo, e da psic\u00f3loga Cristina S\u00e1 Carvalho, do Secretariado Nacional da Educa\u00e7\u00e3o Crist\u00e3, entre outros oradores.<\/p>\n<p>D. Tomaz Nunes nasceu em Lisboa a 3 de Dezembro de 1942 e licenciou-se em Ci\u00eancias Geof\u00edsicas pela Faculdade de Ci\u00eancias da Universidade de Lisboa e em Teologia pela Faculdade de Teologia da Universidade Cat\u00f3lica Portuguesa.<\/p>\n<p>Era tamb\u00e9m Mestre em Ci\u00eancias da Educa\u00e7\u00e3o pela mesma Universidade, com especializa\u00e7\u00e3o em Administra\u00e7\u00e3o e Gest\u00e3o Escolar.<\/p>\n<p>Ordenado presb\u00edtero em Novembro de 1973, D. Tomaz foi assistente adjunto em Lisboa da Liga Oper\u00e1ria Cat\u00f3lica (LOC), em 1977, passando, a partir de Janeiro de 1981, a assistente diocesano, cargo que exerceu at\u00e9 1998. Durante nove anos foi tamb\u00e9m assistente da\u00a0 Juventude Oper\u00e1ria Cat\u00f3lica (JOC).<\/p>\n<p>Em 1989 assumiu o cargo de diretor do Secretariado Diocesano do Ensino Religioso, tendo sido tamb\u00e9m assistente da Faculdade de Teologia da Universidade Cat\u00f3lica Portuguesa, lecionando no Curso de Licenciatura em Ci\u00eancias Religiosas.<\/p>\n<p>Em Mar\u00e7o de 1998, foi nomeado bispo titular de Elvas e auxiliar do Patriarcado de Lisboa. A ordena\u00e7\u00e3o episcopal decorreu em Maio, na Igreja Nossa Senhora de F\u00e1tima, na par\u00f3quia a que pertencia.<\/p>\n<p>Durante seis anos foi Secret\u00e1rio da Confer\u00eancia Episcopal Portuguesa, eleito em 13 de Abril de 1999 e reconduzido em 11 de Abril de 2002, e tr\u00eas anos depois assumiu-se como\u00a0 vig\u00e1rio-geral e moderador da C\u00faria do Patriarcado de Lisboa.<\/p>\n<p>Durante os \u00faltimos anos da sua vida foi o intermedi\u00e1rio com o Governo para a Educa\u00e7\u00e3o Crist\u00e3 nas Escolas, no \u00e2mbito da disciplina de Educa\u00e7\u00e3o Moral e Religiosa Cat\u00f3lica.<\/p>\n<p>Destacou-se tamb\u00e9m como presidente da Comiss\u00e3o Episcopal da Educa\u00e7\u00e3o Crist\u00e3 e vogal da Comiss\u00e3o da Pastoral Social.<\/p>\n<p style=\"text-align: justify;\">\u00a0<\/p>\n<p style=\"text-align: justify;\">Fonte: Ag\u00eancia Ecclesia<\/p>\n","protected":false},"excerpt":{"rendered":"<p>Antigo bispo auxiliar de Lisboa, falecido em 2010, destacou-se pelo seu empenho no \u00abmundo da educa\u00e7\u00e3o\u00bb O Centro Nacional de Cultura vai homenagear hoje D. Tomaz da Silva Nunes, antigo bispo auxiliar de Lisboa, falecido em setembro de 2010. Num comunicado divulgado atrav\u00e9s da p\u00e1gina de internet do Patriarcado de Lisboa, aquele organismo real\u00e7a um [&hellip;]<\/p>\n","protected":false},"author":1,"featured_media":0,"comment_status":"open","ping_status":"open","sticky":false,"template":"","format":"standard","meta":{"footnotes":""},"categories":[4],"tags":[],"class_list":["post-14413","post","type-post","status-publish","format-standard","hentry","category-cotidiano"],"_links":{"self":[{"href":"https:\/\/catolicanet.net\/wp-cnet\/wp-json\/wp\/v2\/posts\/14413","targetHints":{"allow":["GET"]}}],"collection":[{"href":"https:\/\/catolicanet.net\/wp-cnet\/wp-json\/wp\/v2\/posts"}],"about":[{"href":"https:\/\/catolicanet.net\/wp-cnet\/wp-json\/wp\/v2\/types\/post"}],"author":[{"embeddable":true,"href":"https:\/\/catolicanet.net\/wp-cnet\/wp-json\/wp\/v2\/users\/1"}],"replies":[{"embeddable":true,"href":"https:\/\/catolicanet.net\/wp-cnet\/wp-json\/wp\/v2\/comments?post=14413"}],"version-history":[{"count":1,"href":"https:\/\/catolicanet.net\/wp-cnet\/wp-json\/wp\/v2\/posts\/14413\/revisions"}],"predecessor-version":[{"id":26067,"href":"https:\/\/catolicanet.net\/wp-cnet\/wp-json\/wp\/v2\/posts\/14413\/revisions\/26067"}],"wp:attachment":[{"href":"https:\/\/catolicanet.net\/wp-cnet\/wp-json\/wp\/v2\/media?parent=14413"}],"wp:term":[{"taxonomy":"category","embeddable":true,"href":"https:\/\/catolicanet.net\/wp-cnet\/wp-json\/wp\/v2\/categories?post=14413"},{"taxonomy":"post_tag","embeddable":true,"href":"https:\/\/catolicanet.net\/wp-cnet\/wp-json\/wp\/v2\/tags?post=14413"}],"curies":[{"name":"wp","href":"https:\/\/api.w.org\/{rel}","templated":true}]}}