{"id":14410,"date":"2016-05-04T13:46:16","date_gmt":"2016-05-04T16:46:16","guid":{"rendered":"http:\/\/catolicanet.net\/wp-cnet\/2016\/05\/04\/igrejaportugal-por-uma-ecologia-que-contrarie-la-destruicao-de-pessoas-da-natureza-e-da-culturar\/"},"modified":"2017-05-31T10:55:40","modified_gmt":"2017-05-31T13:55:40","slug":"igrejaportugal-por-uma-ecologia-que-contrarie-la-destruicao-de-pessoas-da-natureza-e-da-culturar","status":"publish","type":"post","link":"https:\/\/catolicanet.net\/wp-cnet\/igrejaportugal-por-uma-ecologia-que-contrarie-la-destruicao-de-pessoas-da-natureza-e-da-culturar\/","title":{"rendered":"Igreja\/Portugal: Por uma ecologia que contrarie \u00aba destrui\u00e7\u00e3o de pessoas, da natureza e da cultura\u00bb"},"content":{"rendered":"<p style=\"text-align: justify;\"><img decoding=\"async\" src=\"http:\/\/catolicanet.com.br\/images\/stories\/noticias\/13091943_17308183.jpg\" border=\"0\" align=\"left\" \/>Tema vai marcar o 3.\u00ba Encontro Nacional de Leigos, este s\u00e1bado em \u00c9vora<\/p>\n<p> Lisboa, 03 mai 2016 (Ecclesia) \u2013 O 3.\u00ba Encontro Nacional de Leigos, que vai ter lugar este s\u00e1bado em \u00c9vora, apresenta como eixo principal o apelo a uma cidadania cada vez mais consciente e ativa, em termos humanos e ambientais.<\/p>\n<p>Em entrevista \u00e0 Ag\u00eancia ECCLESIA, Alexandra Viana Lopes, presidente da Confer\u00eancia Nacional do Apostolado dos Leigos (CNAL), destaca a necessidade \u201cde uma ecologia integral\u201d que contrarie \u201ca destrui\u00e7\u00e3o de pessoas, da natureza, da cultura e da sociedade\u201d.<\/p>\n<p>Aquela respons\u00e1vel considera ainda essencial trilhar \u201cum caminho\u201d onde as dificuldades das pessoas, \u201ca mis\u00e9ria do mundo\u201d, possam encontrar solu\u00e7\u00f5es \u201ccom cora\u00e7\u00e3o, com intelig\u00eancia\u201d.<\/p>\n<p>Algo que poder\u00e1 encontrar uma base de apoio no Ano da Miseric\u00f3rdia, em marcha na Igreja Cat\u00f3lica.<\/p>\n<p>\u201cPartindo do mist\u00e9rio da vida que nos ultrapassa, do mist\u00e9rio de Deus e do mundo, fazer caminho, fazer peregrina\u00e7\u00e3o que passe pela reconcilia\u00e7\u00e3o, pelo perd\u00e3o e que se abra necessariamente ao acolhimento dos mais fr\u00e1geis, de todos os que est\u00e3o na periferia, em que n\u00e3o sobre ningu\u00e9m\u201d, sustentou.<\/p>\n<p>O 3.\u00ba Encontro Nacional de Leigos, com o tema \u201cNada nos \u00e9 indiferente na Terra e no C\u00e9u\u201d, vai congregar oradores nacionais e internacionais \u00e0 volta de temas que atualmente desafiam a humanidade, como a guerra, a pobreza, a injusti\u00e7a social, o ambiente e a discrimina\u00e7\u00e3o \u00e9tnica, cultural e religiosa.<\/p>\n<p>Ao todo ser\u00e3o cerca de 32 comunica\u00e7\u00f5es, com destaque para a presen\u00e7a de nomes como a iraquina Pascale Warda, uma mulher cat\u00f3lica e ativista pelos direitos humanos no Iraque, cuja fam\u00edlia foi v\u00edtima do genoc\u00eddio de 1988, promovido pelo regime de Saddam Hussein contra o Curdist\u00e3o iraquiano.<\/p>\n<p>Tamb\u00e9m vai marcar presen\u00e7a em Portugal o norte-americano Joseph Campo, um produtor da \u00e1rea cinematogr\u00e1fica que, atrav\u00e9s de v\u00e1rios document\u00e1rios, tem chamado a aten\u00e7\u00e3o para o drama da pobreza nas ruas de Nova Iorque.<\/p>\n<p>O investigador Luis Ventura Fern\u00e1ndez abordar\u00e1 a realidade da Amaz\u00f3nia, dos povos ind\u00edgenas que habitam a regi\u00e3o.<\/p>\n<p>Organizado pela Confer\u00eancia Nacional do Apostolado dos Leigos, o evento tem juntado cerca de mil participantes, entre crist\u00e3os e n\u00e3o crist\u00e3os, membros de movimentos e associa\u00e7\u00f5es da CNAL mas tamb\u00e9m do p\u00fablico em geral.<\/p>\n<p>Alexandra Viana Lopes destaca uma vasta massa humana, \u201c\u00e0s vezes dispersa, \u00e0s vezes n\u00e3o vis\u00edvel, a que \u00e9 importante dar visibilidade\u201d.<\/p>\n<p>\u201cEu penso que estes encontros t\u00eam promovido, juntamente com outras coisas, para esse sentido de que somos corpo, de que somos muitos, de que podemos estar em rede a encontrar as melhores respostas para as necessidades do mundo contempor\u00e2neo\u201d, apontou.<\/p>\n<p>O programa do 3.\u00ba Encontro Nacional de Leigos est\u00e1 dispon\u00edvel para consulta online, a partir da p\u00e1gina da Confer\u00eancia Nacional do Apostolado dos Leigos, em www.cnal.pt.<\/p>\n<p style=\"text-align: justify;\">\u00a0<\/p>\n<p style=\"text-align: justify;\">Fonte: Ag\u00eancia Ecclesia<\/p>\n","protected":false},"excerpt":{"rendered":"<p>Tema vai marcar o 3.\u00ba Encontro Nacional de Leigos, este s\u00e1bado em \u00c9vora Lisboa, 03 mai 2016 (Ecclesia) \u2013 O 3.\u00ba Encontro Nacional de Leigos, que vai ter lugar este s\u00e1bado em \u00c9vora, apresenta como eixo principal o apelo a uma cidadania cada vez mais consciente e ativa, em termos humanos e ambientais. Em entrevista [&hellip;]<\/p>\n","protected":false},"author":1,"featured_media":0,"comment_status":"open","ping_status":"open","sticky":false,"template":"","format":"standard","meta":{"footnotes":""},"categories":[4],"tags":[],"class_list":["post-14410","post","type-post","status-publish","format-standard","hentry","category-cotidiano"],"_links":{"self":[{"href":"https:\/\/catolicanet.net\/wp-cnet\/wp-json\/wp\/v2\/posts\/14410","targetHints":{"allow":["GET"]}}],"collection":[{"href":"https:\/\/catolicanet.net\/wp-cnet\/wp-json\/wp\/v2\/posts"}],"about":[{"href":"https:\/\/catolicanet.net\/wp-cnet\/wp-json\/wp\/v2\/types\/post"}],"author":[{"embeddable":true,"href":"https:\/\/catolicanet.net\/wp-cnet\/wp-json\/wp\/v2\/users\/1"}],"replies":[{"embeddable":true,"href":"https:\/\/catolicanet.net\/wp-cnet\/wp-json\/wp\/v2\/comments?post=14410"}],"version-history":[{"count":1,"href":"https:\/\/catolicanet.net\/wp-cnet\/wp-json\/wp\/v2\/posts\/14410\/revisions"}],"predecessor-version":[{"id":26069,"href":"https:\/\/catolicanet.net\/wp-cnet\/wp-json\/wp\/v2\/posts\/14410\/revisions\/26069"}],"wp:attachment":[{"href":"https:\/\/catolicanet.net\/wp-cnet\/wp-json\/wp\/v2\/media?parent=14410"}],"wp:term":[{"taxonomy":"category","embeddable":true,"href":"https:\/\/catolicanet.net\/wp-cnet\/wp-json\/wp\/v2\/categories?post=14410"},{"taxonomy":"post_tag","embeddable":true,"href":"https:\/\/catolicanet.net\/wp-cnet\/wp-json\/wp\/v2\/tags?post=14410"}],"curies":[{"name":"wp","href":"https:\/\/api.w.org\/{rel}","templated":true}]}}