{"id":1441,"date":"2012-01-20T16:51:54","date_gmt":"2012-01-20T18:51:54","guid":{"rendered":"http:\/\/catolicanet.net\/wp-cnet\/rede-caritas-participa-de-forum-social-tematico-2012\/"},"modified":"2017-03-20T14:03:31","modified_gmt":"2017-03-20T17:03:31","slug":"rede-caritas-participa-de-forum-social-tematico-2012","status":"publish","type":"post","link":"https:\/\/catolicanet.net\/wp-cnet\/rede-caritas-participa-de-forum-social-tematico-2012\/","title":{"rendered":"Rede C\u00e1ritas participa de F\u00f3rum Social Tem\u00e1tico 2012"},"content":{"rendered":"<p style=\"text-align: justify;\"><img decoding=\"async\" src=\"images\/stories\/onehumanfamilyzeropoverty.jpg\" border=\"0\" align=\"left\" \/>De 24 a 29 de janeiro, Porto Alegre e regi\u00e3o metropolitana (RS), receber\u00e3o pessoas de v\u00e1rias regi\u00f5es do mundo para o F\u00f3rum Social Tem\u00e1tico (FST) 2012.<\/p>\n<p>O evento, organizado por um grupo de movimentos e organiza\u00e7\u00f5es sociais brasileiras e internacionais ligados ao processo do F\u00f3rum Social Mundial (FMS), ser\u00e1 um espa\u00e7o de debates preparat\u00f3rios para a C\u00fapula dos Povos reuni\u00e3o alternativa \u00e0 c\u00fapula das Na\u00e7\u00f5es Unidas para o Desenvolvimento Sustent\u00e1vel, a Rio+20, que ocorre no pr\u00f3ximo m\u00eas de junho, no Rio de Janeiro.<\/p>\n<p>Com o tema: Crise Capitalista, Justi\u00e7a Social e Ambiental, a proposta do F\u00f3rum Social Tem\u00e1tico \u00e9 debater quest\u00f5es referentes aos tr\u00eas temas, al\u00e9m de colocar a pauta ambiental em evid\u00eancia e motivar a formula\u00e7\u00e3o pelos movimentos sociais de propostas alternativas \u00e0s que ser\u00e3o apresentadas pelos governos.<\/p>\n<p>Como um espa\u00e7o aberto e plural, a programa\u00e7\u00e3o do FST 2012 \u00e9 constitu\u00edda por atividades propostas e geridas por movimentos, coletivos e organiza\u00e7\u00f5es da sociedade civil.<\/p>\n<p>A Rede C\u00e1ritas Brasileira, por meio do Regional Rio Grande do Sul e do Secretariado Nacional, est\u00e1 envolvida na organiza\u00e7\u00e3o de algumas atividades como semin\u00e1rios e oficinas. Para a programa\u00e7\u00e3o completa, acesso o site www.caritas.org.br<\/p>\n<p style=\"text-align: justify;\">\u00a0<\/p>\n<p style=\"text-align: justify;\">Fonte: R\u00e1dio Vaticano<br \/>Local: Porto Alegre<\/p>\n","protected":false},"excerpt":{"rendered":"<p>De 24 a 29 de janeiro, Porto Alegre e regi\u00e3o metropolitana (RS), receber\u00e3o pessoas de v\u00e1rias regi\u00f5es do mundo para o F\u00f3rum Social Tem\u00e1tico (FST) 2012. O evento, organizado por um grupo de movimentos e organiza\u00e7\u00f5es sociais brasileiras e internacionais ligados ao processo do F\u00f3rum Social Mundial (FMS), ser\u00e1 um espa\u00e7o de debates preparat\u00f3rios para [&hellip;]<\/p>\n","protected":false},"author":1,"featured_media":0,"comment_status":"closed","ping_status":"closed","sticky":false,"template":"","format":"standard","meta":{"footnotes":""},"categories":[4],"tags":[],"class_list":["post-1441","post","type-post","status-publish","format-standard","hentry","category-cotidiano"],"_links":{"self":[{"href":"https:\/\/catolicanet.net\/wp-cnet\/wp-json\/wp\/v2\/posts\/1441","targetHints":{"allow":["GET"]}}],"collection":[{"href":"https:\/\/catolicanet.net\/wp-cnet\/wp-json\/wp\/v2\/posts"}],"about":[{"href":"https:\/\/catolicanet.net\/wp-cnet\/wp-json\/wp\/v2\/types\/post"}],"author":[{"embeddable":true,"href":"https:\/\/catolicanet.net\/wp-cnet\/wp-json\/wp\/v2\/users\/1"}],"replies":[{"embeddable":true,"href":"https:\/\/catolicanet.net\/wp-cnet\/wp-json\/wp\/v2\/comments?post=1441"}],"version-history":[{"count":1,"href":"https:\/\/catolicanet.net\/wp-cnet\/wp-json\/wp\/v2\/posts\/1441\/revisions"}],"predecessor-version":[{"id":6711,"href":"https:\/\/catolicanet.net\/wp-cnet\/wp-json\/wp\/v2\/posts\/1441\/revisions\/6711"}],"wp:attachment":[{"href":"https:\/\/catolicanet.net\/wp-cnet\/wp-json\/wp\/v2\/media?parent=1441"}],"wp:term":[{"taxonomy":"category","embeddable":true,"href":"https:\/\/catolicanet.net\/wp-cnet\/wp-json\/wp\/v2\/categories?post=1441"},{"taxonomy":"post_tag","embeddable":true,"href":"https:\/\/catolicanet.net\/wp-cnet\/wp-json\/wp\/v2\/tags?post=1441"}],"curies":[{"name":"wp","href":"https:\/\/api.w.org\/{rel}","templated":true}]}}