{"id":14409,"date":"2016-05-04T13:11:44","date_gmt":"2016-05-04T16:11:44","guid":{"rendered":"http:\/\/catolicanet.net\/wp-cnet\/2016\/05\/04\/lumen-gentium-e-possivel-a-salvacao-fora-da-igreja\/"},"modified":"2017-06-02T11:09:45","modified_gmt":"2017-06-02T14:09:45","slug":"lumen-gentium-e-possivel-a-salvacao-fora-da-igreja","status":"publish","type":"post","link":"https:\/\/catolicanet.net\/wp-cnet\/lumen-gentium-e-possivel-a-salvacao-fora-da-igreja\/","title":{"rendered":"Lumen Gentium: \u00c9 poss\u00edvel a salva\u00e7\u00e3o fora da Igreja?"},"content":{"rendered":"<p style=\"text-align: justify;\"><img decoding=\"async\" src=\"http:\/\/catolicanet.com.br\/images\/stories\/noticias\/reuters480995_articolo.jpg\" border=\"0\" align=\"left\" \/>No nosso espa\u00e7o Mem\u00f3ria Hist\u00f3rica &#8211; 50 anos do Conc\u00edlio Vaticano II, vamos continuar a tratar da Constitui\u00e7\u00e3o Dogm\u00e1tica Lumen Gentium, ressaltando no programa de hoje a rela\u00e7\u00e3o entre Igreja e salva\u00e7\u00e3o.<\/p>\n<p>No programa passado, vimos como &#8220;a luz n\u00e3o se pode esconder, diz Cristo, embaixo do alqueire, das coisas que impedem essa luz de se expandir e de clarear o ambiente onde est\u00e1&#8221;, e que neste sentido, a Igreja deve ser luz, iluminar a quem quer que seja. No programa de hoje, Padre Gerson Schmidt nos traz a reflex\u00e3o sobre &#8220;Igreja e salva\u00e7\u00e3o&#8221;, ressaltando, que &#8220;mesmo que algu\u00e9m esteja fora da Igreja, se salva pelos m\u00e9ritos de Cristo que hoje concretamente se operam e se realizam na sua Igreja e por sua Igreja&#8221;:<\/p>\n<p>&#8220;Noutro dia aqui utilizei uma frase de S\u00e3o Cipriano, que gostaria de me deter hoje: \u201cfora da Igreja n\u00e3o h\u00e1 salva\u00e7\u00e3o\u201d. Essa m\u00e1xima tem que ser bem entendida. Esse axioma, em latim, se diz assim: \u201cSalus extra Ecclesiam non est\u201d. Ecclesiam, do Latim, significa literalmente \u201cconvoca\u00e7\u00e3o\u201d, \u201cassembleia popular\u201d. A Palavra latina Ecclesiam, que se traduz por Igreja, se traduz ent\u00e3o por \u201cassembleia dos convocados\u201d, dos chamados a dedo, pelo nome, pela Palavra, convocados por Deus mesmo. A salva\u00e7\u00e3o \u00e9 obra da gra\u00e7a. Portanto, Igreja n\u00e3o \u00e9 um ajuntamento de pessoas por conta pr\u00f3pria. Mas uma convocat\u00f3ria divina para uma miss\u00e3o. Portanto, n\u00e3o necessariamente um privil\u00e9gio de sermos os melhores, porque santos e imaculados. Absolutamente. Mas uma escolha para uma miss\u00e3o de iluminar, um servi\u00e7o, como uma l\u00e2mpada num ambiente escuro.<\/p>\n<p>Origines, tamb\u00e9m no s\u00e9culo terceiro fez igualmente, uma afirma\u00e7\u00e3o semelhante a de S\u00e3o Cipriano: \u201dFora desta casa, a saber, a Igreja, ningu\u00e9m \u00e9 salvo\u201d.\u00a0 E o quarto conc\u00edlio de Latr\u00e3o, em 1215, definiu como dogma a seguinte declara\u00e7\u00e3o: \u201cUma \u00e9 a Igreja universal dos fi\u00e9is, fora da qual absolutamente ningu\u00e9m se salva\u201d. Pio XII, na Enc\u00edclica Humani Generis (HG,26) sensurava aqueles que \u201creduzem a uma forma v\u00e3 a necessidade de perten\u00e7a a Igreja para obter a salva\u00e7\u00e3o eterna\u201d.\u00a0 Ou seja, quem negligencia facilmente ser membro efetivo da Igreja.<\/p>\n<p>Essas afirma\u00e7\u00f5es deram lugar a tantas distor\u00e7\u00f5es e acusa\u00e7\u00f5es de intoler\u00e2ncia e proselitismo. Por isso, temos que aqui entender bem esses axiomas, essas afirma\u00e7\u00f5es pilares dos Padres da Igreja.\u00a0 Jesus Cristo mesmo falou que quando fosse levantado da terra, atrairia todos a Ele (Jo 12,32). Vejam, Jesus disse todos, n\u00e3o uma s\u00f3 parte, n\u00e3o uma sele\u00e7\u00e3o privilegiada. Todos ser\u00e3o, de algum modo e de alguma maneira, atra\u00eddos por Cristo. At\u00e9 mesmo aqueles que n\u00e3o o conheceram, antes de sua vinda, como aqueles que n\u00e3o tiveram oportunidade de conhec\u00ea-lo depois. Temos a\u00ed, clara, a universidade da salva\u00e7\u00e3o de Cristo. S\u00e3o Paulo a Tim\u00f3teo afirma que Deus quer a salva\u00e7\u00e3o de todos os homens e que tenham o conhecimento da verdade (1 Tim 2,1-6). Houve, na hist\u00f3ria da Igreja, uma heresia jansenista de que Deus n\u00e3o quereria salvar a todos. O jansenismo foi condenado pelos Papas Urbano VIII, Inoc\u00eancio X e Alexandre VII.<\/p>\n<p>Sem d\u00favida que a gra\u00e7a de Cristo pode operar fora dos limites viv\u00edveis da Igreja, mas nunca absolutamente sem rela\u00e7\u00e3o real \u00e0 Igreja. A reden\u00e7\u00e3o pessoal de cada homem s\u00f3 se pode operar pela Igreja: s\u00f3 por ela Cristo continua presente entre n\u00f3s. Assim, renovando sem cessar o sacrif\u00edcio da cruz, a Igreja esparge, difunde sobre a humanidade inteira a gra\u00e7a do calv\u00e1rio.\u00a0 Ent\u00e3o: \u201cFora da Igreja, n\u00e3o h\u00e1 salva\u00e7\u00e3o\u201d, como afirmou S\u00e3o Cipriano, \u00e9 endossado pelos Papas posteriores. Ou seja: Mesmo que algu\u00e9m esteja fora da Igreja, se salva pelos m\u00e9ritos de Cristo que hoje concretamente se operam e se realizam na sua Igreja e por sua Igreja&#8221;.<\/p>\n<p style=\"text-align: justify;\">\u00a0<\/p>\n<p style=\"text-align: justify;\">Fonte: R\u00e1dio Vaticano<\/p>\n","protected":false},"excerpt":{"rendered":"<p>No nosso espa\u00e7o Mem\u00f3ria Hist\u00f3rica &#8211; 50 anos do Conc\u00edlio Vaticano II, vamos continuar a tratar da Constitui\u00e7\u00e3o Dogm\u00e1tica Lumen Gentium, ressaltando no programa de hoje a rela\u00e7\u00e3o entre Igreja e salva\u00e7\u00e3o. No programa passado, vimos como &#8220;a luz n\u00e3o se pode esconder, diz Cristo, embaixo do alqueire, das coisas que impedem essa luz de [&hellip;]<\/p>\n","protected":false},"author":1,"featured_media":0,"comment_status":"open","ping_status":"open","sticky":false,"template":"","format":"standard","meta":{"footnotes":""},"categories":[3],"tags":[],"class_list":["post-14409","post","type-post","status-publish","format-standard","hentry","category-vaticano"],"_links":{"self":[{"href":"https:\/\/catolicanet.net\/wp-cnet\/wp-json\/wp\/v2\/posts\/14409","targetHints":{"allow":["GET"]}}],"collection":[{"href":"https:\/\/catolicanet.net\/wp-cnet\/wp-json\/wp\/v2\/posts"}],"about":[{"href":"https:\/\/catolicanet.net\/wp-cnet\/wp-json\/wp\/v2\/types\/post"}],"author":[{"embeddable":true,"href":"https:\/\/catolicanet.net\/wp-cnet\/wp-json\/wp\/v2\/users\/1"}],"replies":[{"embeddable":true,"href":"https:\/\/catolicanet.net\/wp-cnet\/wp-json\/wp\/v2\/comments?post=14409"}],"version-history":[{"count":1,"href":"https:\/\/catolicanet.net\/wp-cnet\/wp-json\/wp\/v2\/posts\/14409\/revisions"}],"predecessor-version":[{"id":28104,"href":"https:\/\/catolicanet.net\/wp-cnet\/wp-json\/wp\/v2\/posts\/14409\/revisions\/28104"}],"wp:attachment":[{"href":"https:\/\/catolicanet.net\/wp-cnet\/wp-json\/wp\/v2\/media?parent=14409"}],"wp:term":[{"taxonomy":"category","embeddable":true,"href":"https:\/\/catolicanet.net\/wp-cnet\/wp-json\/wp\/v2\/categories?post=14409"},{"taxonomy":"post_tag","embeddable":true,"href":"https:\/\/catolicanet.net\/wp-cnet\/wp-json\/wp\/v2\/tags?post=14409"}],"curies":[{"name":"wp","href":"https:\/\/api.w.org\/{rel}","templated":true}]}}