{"id":14398,"date":"2016-05-02T20:00:37","date_gmt":"2016-05-02T23:00:37","guid":{"rendered":"http:\/\/catolicanet.net\/wp-cnet\/2016\/05\/02\/calcula-se-que-cerca-de-300-cristaos-estao-atualmente-detidos-nas-prisoes-da-eritreia\/"},"modified":"2017-05-31T10:55:41","modified_gmt":"2017-05-31T13:55:41","slug":"calcula-se-que-cerca-de-300-cristaos-estao-atualmente-detidos-nas-prisoes-da-eritreia","status":"publish","type":"post","link":"https:\/\/catolicanet.net\/wp-cnet\/calcula-se-que-cerca-de-300-cristaos-estao-atualmente-detidos-nas-prisoes-da-eritreia\/","title":{"rendered":"Calcula-se que cerca de 300 crist\u00e3os est\u00e3o atualmente detidos nas pris\u00f5es da Eritreia"},"content":{"rendered":"<p style=\"text-align: justify;\"><img decoding=\"async\" src=\"http:\/\/catolicanet.com.br\/images\/stories\/noticias\/image001.jpg\" border=\"0\" align=\"left\" \/>Os crist\u00e3os s\u00e3o uma das comunidades religiosas mais perseguidas, havendo relatos continuados que apontam para a exist\u00eancia da pr\u00e1tica de tortura nas pris\u00f5es eritreias<\/p>\n<p>Calcula-se que cerca de 300 crist\u00e3os est\u00e3o atualmente detidos nas pris\u00f5es da Eritreia, segundo den\u00fancias recentes de organiza\u00e7\u00f5es de defesa dos direitos humanos.<\/p>\n<p>Este pa\u00eds, que um relat\u00f3rio das Na\u00e7\u00f5es Unidas classificou, em Junho do ano passado, como sendo um \u201cEstado autorit\u00e1rio\u201d, continua a exercer uma enorme repress\u00e3o sobre os seus cidad\u00e3os, negando-lhes os mais b\u00e1sicos direitos humanos, em que se inclui a pr\u00e1tica religiosa.<\/p>\n<p>Os crist\u00e3os s\u00e3o uma das comunidades religiosas mais perseguidas, havendo relatos continuados que apontam para a exist\u00eancia da pr\u00e1tica de tortura nas pris\u00f5es eritreias.<\/p>\n<p>As informa\u00e7\u00f5es provenientes deste pa\u00eds s\u00e3o muito escassas. Por\u00e9m, foi criada, recentemente, uma p\u00e1gina no \u201cfacebook\u201d de den\u00fancia das \u201cviola\u00e7\u00f5es de direitos humanos\u201d naquele pa\u00eds.<\/p>\n<p>Com mais de 17 mil seguidores em apenas dois meses, esta p\u00e1gina \u00e9 da responsabilidade, segundo o jornal brit\u00e2nico \u201cThe Guardian\u201d, de um antigo funcion\u00e1rio do governo da Eritreia que fugiu do pa\u00eds com \u201cuma s\u00e9rie de documentos\u201d que agora pretende ir revelando \u201caos poucos\u201d.<\/p>\n<p>O seu objectivo, diz o jornal, \u00e9 \u201cexpor os crimes\u201d deste regime que j\u00e1 foi classificado como sendo a \u201cCoreia do Norte de \u00c1frica\u201d.<\/p>\n<p>As suas cr\u00edticas e den\u00fancias v\u00e3o no mesmo sentido das j\u00e1 proferidas pela ONU e por outras organiza\u00e7\u00f5es como a Amnistia Internacional (AI), que tem acusado dos mais diversos crimes.<\/p>\n<p>A AI afirma mesmo que o pa\u00eds liderado com m\u00e3o de ferro por Isaias Afwerki se transformou num regime desp\u00f3tico em que existir\u00e3o pris\u00f5es secretas que albergar\u00e3o mais de 10 mil presos pol\u00edticos.<\/p>\n<p>A enorme viol\u00eancia que \u00e9 exercida pelas autoridades e que atinge fortemente a comunidade crist\u00e3, explicar\u00e1 o enorme \u00eaxodo nos \u00faltimos meses, sendo que muitos dos que procuram abandonar o pa\u00eds t\u00eam ca\u00eddo normalmente nas malhas de traficantes humanos.<\/p>\n<p>No relat\u00f3rio publicado em Junho do ano passado por uma Comiss\u00e3o de Inqu\u00e9rito da ONU sobre os Direitos Humanos, \u00e9 dito que \u201cos cidad\u00e3os\u201d da Eritreia \u201cs\u00e3o controlados por um grande aparato de seguran\u00e7a que est\u00e1 presente em todos os n\u00edveis da sociedade\u201d.<\/p>\n<p>Nesse documento de 500 p\u00e1ginas pode ler-se ainda que \u201cn\u00e3o \u00e9 a lei que rege os eritreus, mas o medo\u201d.<\/p>\n<p>O relat\u00f3rio da Comiss\u00e3o de Inqu\u00e9rito da ONU faz refer\u00eancia ainda a \u201cviola\u00e7\u00f5es generalizadas e brutais dos direitos humanos, que criaram um clima de medo onde qualquer tipo de oposi\u00e7\u00e3o \u00e9 reprimida\u201d, sendo que \u201cboa parte da popula\u00e7\u00e3o \u00e9 submetida a trabalhos for\u00e7ados ou \u00e0 pris\u00e3o\u201d, o que permite explicar a exist\u00eancia de centenas de milhares de refugiados oriundos deste pa\u00eds.<\/p>\n<p>Segundo as Na\u00e7\u00f5es Unidas, estes abusos, que incluem a viol\u00eancia e a persegui\u00e7\u00e3o aos crist\u00e3os, \u201cpodem ser considerados crimes contra a humanidade\u201d.<\/p>\n<p>Tamb\u00e9m a Funda\u00e7\u00e3o AIS tem denunciado a situa\u00e7\u00e3o de extrema viol\u00eancia registada na Eritreia sobre as suas popula\u00e7\u00f5es.<\/p>\n<p>No \u00faltimo relat\u00f3rio \u201cPerseguidos e Esquecidos?\u201d, elaborado a n\u00edvel internacional sobre a opress\u00e3o dos crist\u00e3os entre os anos de 2013 e 2015, \u00e9 referida expressamente a situa\u00e7\u00e3o na Eritreia, que integra um grupo de pa\u00edses considerados como \u201ccr\u00edticos\u201d e que se destacaram por isso \u201cpelos piores motivos\u201d.<\/p>\n<p>Durante o per\u00edodo de tempo avaliado no relat\u00f3rio da AIS, foi publicada uma carta, por quatro bispos da Eritreia, onde, de forma indirecta \u2013 n\u00e3o seria poss\u00edvel de outra maneira \u2013, tamb\u00e9m denunciam a situa\u00e7\u00e3o de persegui\u00e7\u00e3o que se vive no pa\u00eds.<\/p>\n<p>Nesse documento, os prelados \u2013 D. Mengsteab Tesfamariam, de Asmara, D. Tomas Osman, de Barentu, D. Kidane Yeabio, de Keren, e D. Feqremariam Hagos, de Segeneiti \u2013 justificam o \u00eaxodo maci\u00e7o de pessoas oriundas da Eritreia com a necessidade de \u201cviverem em pa\u00edses pac\u00edficos, com justi\u00e7a, trabalho, onde se possam expressar livremente e em alta voz, pa\u00edses onde cada um possa viver do seu trabalho\u201d. (Com informa\u00e7\u00f5es Funda\u00e7\u00e3o AIS)<\/p>\n<p style=\"text-align: justify;\">\u00a0<\/p>\n<p style=\"text-align: justify;\">Fonte: Zenit<\/p>\n","protected":false},"excerpt":{"rendered":"<p>Os crist\u00e3os s\u00e3o uma das comunidades religiosas mais perseguidas, havendo relatos continuados que apontam para a exist\u00eancia da pr\u00e1tica de tortura nas pris\u00f5es eritreias Calcula-se que cerca de 300 crist\u00e3os est\u00e3o atualmente detidos nas pris\u00f5es da Eritreia, segundo den\u00fancias recentes de organiza\u00e7\u00f5es de defesa dos direitos humanos. Este pa\u00eds, que um relat\u00f3rio das Na\u00e7\u00f5es Unidas [&hellip;]<\/p>\n","protected":false},"author":1,"featured_media":0,"comment_status":"open","ping_status":"open","sticky":false,"template":"","format":"standard","meta":{"footnotes":""},"categories":[4],"tags":[],"class_list":["post-14398","post","type-post","status-publish","format-standard","hentry","category-cotidiano"],"_links":{"self":[{"href":"https:\/\/catolicanet.net\/wp-cnet\/wp-json\/wp\/v2\/posts\/14398","targetHints":{"allow":["GET"]}}],"collection":[{"href":"https:\/\/catolicanet.net\/wp-cnet\/wp-json\/wp\/v2\/posts"}],"about":[{"href":"https:\/\/catolicanet.net\/wp-cnet\/wp-json\/wp\/v2\/types\/post"}],"author":[{"embeddable":true,"href":"https:\/\/catolicanet.net\/wp-cnet\/wp-json\/wp\/v2\/users\/1"}],"replies":[{"embeddable":true,"href":"https:\/\/catolicanet.net\/wp-cnet\/wp-json\/wp\/v2\/comments?post=14398"}],"version-history":[{"count":1,"href":"https:\/\/catolicanet.net\/wp-cnet\/wp-json\/wp\/v2\/posts\/14398\/revisions"}],"predecessor-version":[{"id":26070,"href":"https:\/\/catolicanet.net\/wp-cnet\/wp-json\/wp\/v2\/posts\/14398\/revisions\/26070"}],"wp:attachment":[{"href":"https:\/\/catolicanet.net\/wp-cnet\/wp-json\/wp\/v2\/media?parent=14398"}],"wp:term":[{"taxonomy":"category","embeddable":true,"href":"https:\/\/catolicanet.net\/wp-cnet\/wp-json\/wp\/v2\/categories?post=14398"},{"taxonomy":"post_tag","embeddable":true,"href":"https:\/\/catolicanet.net\/wp-cnet\/wp-json\/wp\/v2\/tags?post=14398"}],"curies":[{"name":"wp","href":"https:\/\/api.w.org\/{rel}","templated":true}]}}