{"id":14382,"date":"2016-05-06T03:00:00","date_gmt":"2016-05-06T06:00:00","guid":{"rendered":"http:\/\/catolicanet.net\/wp-cnet\/2016\/05\/06\/50o-dia-mundial-das-comunicacoes\/"},"modified":"2017-05-08T13:39:39","modified_gmt":"2017-05-08T16:39:39","slug":"50o-dia-mundial-das-comunicacoes","status":"publish","type":"post","link":"https:\/\/catolicanet.net\/wp-cnet\/50o-dia-mundial-das-comunicacoes\/","title":{"rendered":"50\u00ba Dia Mundial das Comunica\u00e7\u00f5es"},"content":{"rendered":"<p style=\"text-align: justify;\">O Dia Mundial das Comunica\u00e7\u00f5es Sociais \u00e9 o \u00fanico dia estabelecido pelo Conc\u00edlio Ecum\u00eanico Vaticano II (Inter Mirifica, 1963). \u00c9 celebrado no domingo que antecede a Solenidade de Pentecostes, que no Brasil coincide com o Domingo da Ascens\u00e3o, neste ano, dia 8 de maio. O tema do Santo Padre para o Dia Mundial das Comunica\u00e7\u00f5es Sociais \u00e9 tradicionalmente escolhido na festa dos arcanjos Miguel, Rafael e Gabriel (29 de setembro), e o texto da mensagem \u00e9 publicado por ocasi\u00e3o da festa de S\u00e3o Francisco de Sales, padroeiro dos jornalistas (24 de janeiro). Neste ano foi publicada a 50\u00aa mensagem \u2013 portanto, uma tradi\u00e7\u00e3o de cinquenta anos! Completamos o jubileu de ouro!<br \/> A mensagem do Papa \u00e9 dedicada ao tema: \u201cComunica\u00e7\u00e3o e Miseric\u00f3rdia: um encontro fecundo\u201d. A escolha do tema deste ano foi certamente determinada pelo Jubileu Extraordin\u00e1rio da Miseric\u00f3rdia e, sem d\u00favida, o Santo Padre almejou que o Dia Mundial das Comunica\u00e7\u00f5es Sociais oferecesse uma ocasi\u00e3o prop\u00edcia para se refletir sobre as sinergias profundas entre comunica\u00e7\u00e3o e miseric\u00f3rdia.<br \/> Na Bula de Proclama\u00e7\u00e3o do Ano Jubilar, no n\u00famero 12, o Papa afirma que: \u201ca Igreja tem a miss\u00e3o de anunciar a miseric\u00f3rdia de Deus, cora\u00e7\u00e3o pulsante do Evangelho, que por meio dela deve chegar ao cora\u00e7\u00e3o e \u00e0 mente de cada pessoa\u201d e, continua: \u201cA sua linguagem e os seus gestos, para penetrarem no cora\u00e7\u00e3o das pessoas e desafi\u00e1-las a encontrar novamente a estrada para regressar ao Pai, devem irradiar miseric\u00f3rdia\u201d.<br \/> Diante do tema proposto, a Igreja \u00e9 chamada a viver a miseric\u00f3rdia como tra\u00e7o caracter\u00edstico de todo o seu ser e agir. Para tocar neste ponto, vai dizer o Papa Francisco na mensagem para este dia: \u201cAquilo que dizemos e o modo como o dizemos, cada palavra e cada gesto, deveria poder expressar a compaix\u00e3o, a ternura e o perd\u00e3o de Deus para todos. O amor, por sua natureza, \u00e9 comunica\u00e7\u00e3o: leva a abrir-se, n\u00e3o se isolando. E, se o nosso cora\u00e7\u00e3o e os nossos gestos forem animados pela caridade, pelo amor divino, a nossa comunica\u00e7\u00e3o ser\u00e1 portadora da for\u00e7a de Deus\u201d.<br \/> Sabemos que a comunica\u00e7\u00e3o \u00e9 de suma import\u00e2ncia para a vida do ser humano, pois faz parte de uma das dimens\u00f5es do homem. A comunica\u00e7\u00e3o tem o poder de criar pontes, favorecer o encontro e a inclus\u00e3o, enriquecendo assim a sociedade. O Crist\u00e3o deve ser aquele que visa fazer crescer a comunh\u00e3o, e assim se deve tamb\u00e9m com firmeza condenar o mal. Como \u00e9 bom ver pessoas esfor\u00e7ando-se por escolher cuidadosamente palavras e gestos para superar as incompreens\u00f5es, curar a mem\u00f3ria ferida e construir paz e harmonia! As palavras podem construir pontes entre as pessoas, as fam\u00edlias, os grupos sociais, os povos. E isto acontece tanto no ambiente f\u00edsico como no digital. Assim, palavras e a\u00e7\u00f5es h\u00e3o de ser tais que nos ajudem a sair dos c\u00edrculos viciosos de condena\u00e7\u00f5es e vingan\u00e7as, que mant\u00eam prisioneiros os indiv\u00edduos e as na\u00e7\u00f5es, expressando-se atrav\u00e9s de mensagens de \u00f3dio. <br \/> O Papa Francisco faz o apelo a todos os Bispos: \u201ccomo gostaria que o nosso modo de comunicar e tamb\u00e9m o nosso servi\u00e7o de pastores na Igreja nunca expressassem o orgulho soberbo do triunfo sobre um inimigo, nem humilhassem aqueles que a mentalidade do mundo considera perdedores e descart\u00e1veis\u201d.\u00a0 Francisco vai frisar que a miseric\u00f3rdia pode ajudar a mitigar as adversidades da vida e dar calor a quantos t\u00eam conhecido apenas a frieza do julgamento. Seja o estilo da nossa comunica\u00e7\u00e3o capaz de superar a l\u00f3gica que separa nitidamente os pecadores dos justos. Podemos e devemos julgar situa\u00e7\u00f5es de pecado \u2013 viol\u00eancia, corrup\u00e7\u00e3o, explora\u00e7\u00e3o etc. \u2013, mas n\u00e3o podemos julgar as pessoas, porque s\u00f3 Deus pode ler profundamente no cora\u00e7\u00e3o delas.<br \/> Ao falar de Comunica\u00e7\u00e3o e Miseric\u00f3rdia, o Papa cita o Evangelho de Jo\u00e3o; \u201ca verdade [nos] tornar\u00e1 livres\u201d (Jo 8, 32). Em \u00faltima an\u00e1lise, esta verdade \u00e9 o pr\u00f3prio Cristo, cuja miseric\u00f3rdia repassada de mansid\u00e3o constitui a medida do nosso modo de anunciar a verdade e condenar a injusti\u00e7a. Depois cita Ef 4, 15, para dizer: que \u00e9 nosso dever principal afirmar a verdade com amor. Assim, s\u00f3 palavras pronunciadas com amor e acompanhadas por mansid\u00e3o e miseric\u00f3rdia tocam os nossos cora\u00e7\u00f5es de pecadores. Palavras e gestos duros ou moralistas correm o risco de alienar ainda mais aqueles que quer\u00edamos levar \u00e0 convers\u00e3o e \u00e0 liberdade, refor\u00e7ando o seu sentido de nega\u00e7\u00e3o e defesa. Por fim, encerra citando: Lc 15, 11-32, onde fala: \u201cos pais amavam-nos e apreciavam-nos mais pelo que somos do que pelas nossas capacidades e os nossos sucessos. Naturalmente os pais querem o melhor para os seus filhos, mas o seu amor nunca esteve condicionado \u00e0 obten\u00e7\u00e3o dos objetivos. A casa paterna \u00e9 o lugar onde sempre \u00e9s bem-vindo\u201d.<br \/> Ser\u00e1 muito importante que tenhamos muitas iniciativas para preparar e comemorar este dia em nossas comunidades, levando adiante, assim, uma tradi\u00e7\u00e3o iniciada logo depois do Conc\u00edlio Vaticano II. <br \/> Portanto, que este Dia da Comunica\u00e7\u00e3o Social fa\u00e7a com que este grande instrumento seja canal da gra\u00e7a e da miseric\u00f3rdia de Deus para todos. <\/p>\n","protected":false},"excerpt":{"rendered":"<p>O Dia Mundial das Comunica\u00e7\u00f5es Sociais \u00e9 o \u00fanico dia estabelecido pelo Conc\u00edlio Ecum\u00eanico Vaticano II (Inter Mirifica, 1963). \u00c9 celebrado no domingo que antecede a Solenidade de Pentecostes, que no Brasil coincide com o Domingo da Ascens\u00e3o, neste ano, dia 8 de maio. O tema do Santo Padre para o Dia Mundial das Comunica\u00e7\u00f5es [&hellip;]<\/p>\n","protected":false},"author":5,"featured_media":0,"comment_status":"open","ping_status":"open","sticky":false,"template":"","format":"standard","meta":{"footnotes":""},"categories":[9],"tags":[],"class_list":["post-14382","post","type-post","status-publish","format-standard","hentry","category-artigos"],"_links":{"self":[{"href":"https:\/\/catolicanet.net\/wp-cnet\/wp-json\/wp\/v2\/posts\/14382","targetHints":{"allow":["GET"]}}],"collection":[{"href":"https:\/\/catolicanet.net\/wp-cnet\/wp-json\/wp\/v2\/posts"}],"about":[{"href":"https:\/\/catolicanet.net\/wp-cnet\/wp-json\/wp\/v2\/types\/post"}],"author":[{"embeddable":true,"href":"https:\/\/catolicanet.net\/wp-cnet\/wp-json\/wp\/v2\/users\/5"}],"replies":[{"embeddable":true,"href":"https:\/\/catolicanet.net\/wp-cnet\/wp-json\/wp\/v2\/comments?post=14382"}],"version-history":[{"count":1,"href":"https:\/\/catolicanet.net\/wp-cnet\/wp-json\/wp\/v2\/posts\/14382\/revisions"}],"predecessor-version":[{"id":21566,"href":"https:\/\/catolicanet.net\/wp-cnet\/wp-json\/wp\/v2\/posts\/14382\/revisions\/21566"}],"wp:attachment":[{"href":"https:\/\/catolicanet.net\/wp-cnet\/wp-json\/wp\/v2\/media?parent=14382"}],"wp:term":[{"taxonomy":"category","embeddable":true,"href":"https:\/\/catolicanet.net\/wp-cnet\/wp-json\/wp\/v2\/categories?post=14382"},{"taxonomy":"post_tag","embeddable":true,"href":"https:\/\/catolicanet.net\/wp-cnet\/wp-json\/wp\/v2\/tags?post=14382"}],"curies":[{"name":"wp","href":"https:\/\/api.w.org\/{rel}","templated":true}]}}