{"id":14359,"date":"2016-04-28T14:55:53","date_gmt":"2016-04-28T17:55:53","guid":{"rendered":"http:\/\/catolicanet.net\/wp-cnet\/2016\/04\/28\/iam-prepara-criancas-e-adolescentes-para-jornada-missionaria-da-diocese-de-umuarama-pr\/"},"modified":"2017-05-31T10:58:18","modified_gmt":"2017-05-31T13:58:18","slug":"iam-prepara-criancas-e-adolescentes-para-jornada-missionaria-da-diocese-de-umuarama-pr","status":"publish","type":"post","link":"https:\/\/catolicanet.net\/wp-cnet\/iam-prepara-criancas-e-adolescentes-para-jornada-missionaria-da-diocese-de-umuarama-pr\/","title":{"rendered":"IAM prepara crian\u00e7as e adolescentes para jornada mission\u00e1ria da diocese de Umuarama (PR)"},"content":{"rendered":"<p style=\"text-align: justify;\"><img decoding=\"async\" src=\"http:\/\/catolicanet.com.br\/images\/stories\/geral\/000 a a ajornada cianorte.jpg\" border=\"0\" align=\"left\" \/>A Inf\u00e2ncia e Adolesc\u00eancia Mission\u00e1ria (IAM) de Cianorte (PR) realizou a Jornada Mission\u00e1ria, no dia 16 de abril. O evento foi em prepara\u00e7\u00e3o para a 4\u00aa Jornada Diocesana a ser realizada em sintonia com a Jornada Nacional da Inf\u00e2ncia e Adolesc\u00eancia Mission\u00e1ria, no pr\u00f3ximo m\u00eas de maio. A Jornada Mission\u00e1ria teve a presen\u00e7a de mais de 700 crian\u00e7as e adolescentes, representantes das cinco par\u00f3quias que comp\u00f5e o decanato de Cianorte, diocese de Umuarama (PR).<\/p>\n<p>O coordenador de catequese da par\u00f3quia Sagrado Cora\u00e7\u00e3o de Jesus, Mauricio Longuini Pereira, afirmou que devemos olhar mais para as crian\u00e7as. \u201cNesta jornada vi a alegria das crian\u00e7as evangelizando, e \u00e9 para elas que devemos voltar o nosso olhar de miseric\u00f3rdia, como Jesus olhou e acreditar que \u00e9 dos pequeninos o reino do c\u00e9u\u201d.<\/p>\n<p>Padre Sergio Gallet acolheu os participantes e iniciou a jornada com a celebra\u00e7\u00e3o da Santa Missa. Em seguida as crian\u00e7as e adolescentes trabalharam o tema \u201cJesus Fonte de Miseric\u00f3rdia\u201d com encena\u00e7\u00f5es, coreografias, cantos e muita anima\u00e7\u00e3o.<\/p>\n<p>A coordenadora da IAM da diocese de Umuarama (PR), Leodina Lobato da Costa, explicou que sempre \u00e9 evangelizada nas jornadas. \u201cCelebrar com as crian\u00e7as o Ano da Miseric\u00f3rdia, juntamente com a Jornada Nacional da IAM, para mim \u00e9 transbordar o amor pela miss\u00e3o. A cada jornada sou evangelizada pelas crian\u00e7as e isso n\u00e3o tem pre\u00e7o, \u00e9 estar com Jesus\u201d.<\/p>\n<p>Depois de encerrada a Jornada Mission\u00e1ria as crian\u00e7as e adolescentes continuam trabalhando o tema \u201cJesus Fonte de Miseric\u00f3rdia\u201d atrav\u00e9s de a\u00e7\u00f5es nas comunidades, focando as obras da miseric\u00f3rdia como: visitas, levando a Palavra de Deus; rezando pelas crian\u00e7as al\u00e9m fronteira; fazendo coleta de alimentos; coleta de moedinhas para colaborar com o projeto da CNBB Miss\u00e3o e P\u00e3o (20 mil b\u00edblias para \u00c1frica) e com o cofrinho da IAM; confec\u00e7\u00e3o de ter\u00e7os e cuidados com o meio ambiente.<\/p>\n<p>Sueli Koteski, coordenadora da IAM da par\u00f3quia Santa Rita de C\u00e1ssia, em Cianorte (PR), confirmou que o trabalho das crian\u00e7as continua depois da jornada. \u201cNossa par\u00f3quia escolheu trabalhar com as crian\u00e7as, como tarefa para apresentar na jornada, o cuidado com o meio ambiente. As crian\u00e7as arrecadaram 200 litros de \u00f3leo descart\u00e1vel para fabricar sab\u00e3o e a renda revertemos para o cofrinho da IAM. Agora as crian\u00e7as querem continuar a coleta ajudando o meio ambiente e as crian\u00e7as al\u00e9m fronteira\u201d.<\/p>\n<p>Enquanto desenvolvem estas a\u00e7\u00f5es as crian\u00e7as e adolescentes se preparam para a Jornada Diocesana que ser\u00e1 realizada dia 29 de maio, na Catedral Divino Esp\u00edrito Santo. Na celebra\u00e7\u00e3o eucar\u00edstica haver\u00e1 consagra\u00e7\u00e3o da IAM para o continente europeu e a coroa\u00e7\u00e3o de Nossa Senhora. Ap\u00f3s a missa as crian\u00e7as evangelizar\u00e3o umas \u00e0s outras, no centro de forma\u00e7\u00e3o diocesano, com um momento cultural e brincadeiras trazidas pelos europeus ao nosso continente.<\/p>\n<p>Fonte: IAM diocese de Umuarama (PR)<\/p>\n<p style=\"text-align: justify;\">Fonte: POM<\/p>\n","protected":false},"excerpt":{"rendered":"<p>A Inf\u00e2ncia e Adolesc\u00eancia Mission\u00e1ria (IAM) de Cianorte (PR) realizou a Jornada Mission\u00e1ria, no dia 16 de abril. O evento foi em prepara\u00e7\u00e3o para a 4\u00aa Jornada Diocesana a ser realizada em sintonia com a Jornada Nacional da Inf\u00e2ncia e Adolesc\u00eancia Mission\u00e1ria, no pr\u00f3ximo m\u00eas de maio. A Jornada Mission\u00e1ria teve a presen\u00e7a de mais [&hellip;]<\/p>\n","protected":false},"author":1,"featured_media":0,"comment_status":"open","ping_status":"open","sticky":false,"template":"","format":"standard","meta":{"footnotes":""},"categories":[4],"tags":[],"class_list":["post-14359","post","type-post","status-publish","format-standard","hentry","category-cotidiano"],"_links":{"self":[{"href":"https:\/\/catolicanet.net\/wp-cnet\/wp-json\/wp\/v2\/posts\/14359","targetHints":{"allow":["GET"]}}],"collection":[{"href":"https:\/\/catolicanet.net\/wp-cnet\/wp-json\/wp\/v2\/posts"}],"about":[{"href":"https:\/\/catolicanet.net\/wp-cnet\/wp-json\/wp\/v2\/types\/post"}],"author":[{"embeddable":true,"href":"https:\/\/catolicanet.net\/wp-cnet\/wp-json\/wp\/v2\/users\/1"}],"replies":[{"embeddable":true,"href":"https:\/\/catolicanet.net\/wp-cnet\/wp-json\/wp\/v2\/comments?post=14359"}],"version-history":[{"count":1,"href":"https:\/\/catolicanet.net\/wp-cnet\/wp-json\/wp\/v2\/posts\/14359\/revisions"}],"predecessor-version":[{"id":26085,"href":"https:\/\/catolicanet.net\/wp-cnet\/wp-json\/wp\/v2\/posts\/14359\/revisions\/26085"}],"wp:attachment":[{"href":"https:\/\/catolicanet.net\/wp-cnet\/wp-json\/wp\/v2\/media?parent=14359"}],"wp:term":[{"taxonomy":"category","embeddable":true,"href":"https:\/\/catolicanet.net\/wp-cnet\/wp-json\/wp\/v2\/categories?post=14359"},{"taxonomy":"post_tag","embeddable":true,"href":"https:\/\/catolicanet.net\/wp-cnet\/wp-json\/wp\/v2\/tags?post=14359"}],"curies":[{"name":"wp","href":"https:\/\/api.w.org\/{rel}","templated":true}]}}