{"id":14328,"date":"2016-04-27T14:19:47","date_gmt":"2016-04-27T17:19:47","guid":{"rendered":"http:\/\/catolicanet.net\/wp-cnet\/2016\/04\/27\/americanicaragua-o-exercito-aja-segundo-principios-eticos-diz-dom-herrera-sobre-o-conflito-de-ayapal\/"},"modified":"2017-05-31T11:00:58","modified_gmt":"2017-05-31T14:00:58","slug":"americanicaragua-o-exercito-aja-segundo-principios-eticos-diz-dom-herrera-sobre-o-conflito-de-ayapal","status":"publish","type":"post","link":"https:\/\/catolicanet.net\/wp-cnet\/americanicaragua-o-exercito-aja-segundo-principios-eticos-diz-dom-herrera-sobre-o-conflito-de-ayapal\/","title":{"rendered":"AM\u00c9RICA\/NICAR\u00c1GUA &#8211; \u201cO ex\u00e9rcito aja segundo princ\u00edpios \u00e9ticos\u201d, diz Dom Herrera sobre o conflito de Ayapal"},"content":{"rendered":"<p style=\"text-align: justify;\"><img decoding=\"async\" src=\"http:\/\/catolicanet.com.br\/images\/stories\/geral\/primopiano_1556.jpg\" border=\"0\" align=\"left\" \/>Ayapal (Ag\u00eancia Fides) \u2013 \u201cO ex\u00e9rcito da Nicar\u00e1gua deve proceder segundo os princ\u00edpios \u00e9ticos no conflito existente na comunidade de Ayapal\u201d disse Dom Carlos Enrique Herrera Guttierez OFM, Bispo da diocese de Jinotega, a quem pertence a cidade de Ayapal.<br \/>Em breve encontro com a imprensa local, cujo texto foi enviado \u00e0 Fides, Dom Herrera retornou sobre a grave situa\u00e7\u00e3o de viol\u00eancia e tens\u00e3o em que vive Ayapal (veja Fides 18\/3\/2016), reiterando que o ex\u00e9rcito n\u00e3o deve atingir indiscriminadamente e com viol\u00eancia os civis apenas suspeitos, mas \u201cdeve procurar uma maneira certa, j\u00e1 que conhece as t\u00e1ticas, mas n\u00e3o \u00e9 este o modo. Como militares, sabem bem como fazer. Pode-se buscar o di\u00e1logo, para que estas pessoas n\u00e3o se agreguem sempre mais. Quando \u00e9 morto um membro de uma fam\u00edlia, na hora os outros fogem, mas depois se organizam e se armam: e a viol\u00eancia aumenta\u201d.<br \/>O medo na regi\u00e3o se intensificou depois do brutal homic\u00eddio do prefeito de Ayapal e juiz de paz, Andres Cerrato, que muito tempo atr\u00e1s era membro da resist\u00eancia nicaraguense (veja Fides 21\/04\/2016). A nota recebida pela Fides informa que Juan Carlos Arce, respons\u00e1vel da Comiss\u00e3o Nacional dos Direitos Humanos em Matagalpa, assinalou a gravidade do fato que ainda n\u00e3o tenha sido feito um relat\u00f3rio oficial sobre a morte violenta de Cerrato, ocorrida em 18 de abril. \u201cIsto \u00e9 grave porque quando uma institui\u00e7\u00e3o do Estado \u00e1 indicada como autora, o governo deve responder. N\u00e3o podemos permitir que jovens e fam\u00edlias vivam no medo\u201d, concluiu Arce.<\/p>\n<p style=\"text-align: justify;\">Fonte: Ag\u00eancia Fides<\/p>\n","protected":false},"excerpt":{"rendered":"<p>Ayapal (Ag\u00eancia Fides) \u2013 \u201cO ex\u00e9rcito da Nicar\u00e1gua deve proceder segundo os princ\u00edpios \u00e9ticos no conflito existente na comunidade de Ayapal\u201d disse Dom Carlos Enrique Herrera Guttierez OFM, Bispo da diocese de Jinotega, a quem pertence a cidade de Ayapal.Em breve encontro com a imprensa local, cujo texto foi enviado \u00e0 Fides, Dom Herrera retornou [&hellip;]<\/p>\n","protected":false},"author":1,"featured_media":0,"comment_status":"open","ping_status":"open","sticky":false,"template":"","format":"standard","meta":{"footnotes":""},"categories":[4],"tags":[],"class_list":["post-14328","post","type-post","status-publish","format-standard","hentry","category-cotidiano"],"_links":{"self":[{"href":"https:\/\/catolicanet.net\/wp-cnet\/wp-json\/wp\/v2\/posts\/14328","targetHints":{"allow":["GET"]}}],"collection":[{"href":"https:\/\/catolicanet.net\/wp-cnet\/wp-json\/wp\/v2\/posts"}],"about":[{"href":"https:\/\/catolicanet.net\/wp-cnet\/wp-json\/wp\/v2\/types\/post"}],"author":[{"embeddable":true,"href":"https:\/\/catolicanet.net\/wp-cnet\/wp-json\/wp\/v2\/users\/1"}],"replies":[{"embeddable":true,"href":"https:\/\/catolicanet.net\/wp-cnet\/wp-json\/wp\/v2\/comments?post=14328"}],"version-history":[{"count":1,"href":"https:\/\/catolicanet.net\/wp-cnet\/wp-json\/wp\/v2\/posts\/14328\/revisions"}],"predecessor-version":[{"id":26103,"href":"https:\/\/catolicanet.net\/wp-cnet\/wp-json\/wp\/v2\/posts\/14328\/revisions\/26103"}],"wp:attachment":[{"href":"https:\/\/catolicanet.net\/wp-cnet\/wp-json\/wp\/v2\/media?parent=14328"}],"wp:term":[{"taxonomy":"category","embeddable":true,"href":"https:\/\/catolicanet.net\/wp-cnet\/wp-json\/wp\/v2\/categories?post=14328"},{"taxonomy":"post_tag","embeddable":true,"href":"https:\/\/catolicanet.net\/wp-cnet\/wp-json\/wp\/v2\/tags?post=14328"}],"curies":[{"name":"wp","href":"https:\/\/api.w.org\/{rel}","templated":true}]}}