{"id":14327,"date":"2016-04-27T14:15:32","date_gmt":"2016-04-27T17:15:32","guid":{"rendered":"http:\/\/catolicanet.net\/wp-cnet\/2016\/04\/27\/asiabangladesh-longo-rastro-de-homicidios-seletivos-os-cristaos-prosseguem-suas-atividades-pastorais-e-sociais\/"},"modified":"2017-05-31T11:00:58","modified_gmt":"2017-05-31T14:00:58","slug":"asiabangladesh-longo-rastro-de-homicidios-seletivos-os-cristaos-prosseguem-suas-atividades-pastorais-e-sociais","status":"publish","type":"post","link":"https:\/\/catolicanet.net\/wp-cnet\/asiabangladesh-longo-rastro-de-homicidios-seletivos-os-cristaos-prosseguem-suas-atividades-pastorais-e-sociais\/","title":{"rendered":"\u00c1SIA\/BANGLADESH &#8211; Longo rastro de homic\u00eddios seletivos: \u201cOs crist\u00e3os prosseguem suas atividades pastorais e sociais\u201d"},"content":{"rendered":"<p style=\"text-align: justify;\"><img decoding=\"async\" src=\"http:\/\/catolicanet.com.br\/images\/stories\/geral\/primopiano_1564.jpg\" border=\"0\" align=\"left\" \/>Dacca (Ag\u00eancia Fides) &#8211; \u201cEstamos conscientes e preocupados, mas n\u00e3o alarmados. Os grupos fan\u00e1ticos est\u00e3o semeando morte, mas esperamos que o governo possa control\u00e1-los. As atividades pastorais e sociais da Igreja procedem\u201d: \u00e9 o que afirma a Fides o Bispo Auxiliar em\u00e9rito de Dacca, hoje docente do Semin\u00e1rio maior de Dacca, Dom Theotonius Gomes, enquanto nos \u00faltimos dias dois novos homic\u00eddios contra crist\u00e3os foram registrados no pa\u00eds. As v\u00edtimas de ataques de grupos fundamentalistas isl\u00e2micos em Bangladesh foram Xulhaz Mannan, 35 anos, jornalista-editor da revista \u201cRoobpaan\u201d \u2013 que no pa\u00eds se ocupa dos problemas e direitos de homossexuais e transgender \u2013, assassinado em Dacca com um amigo; e o professor universit\u00e1rio Rezaul Karim Siddiquee, assassinado em Rajshahi.<br \/>A pol\u00edcia seguiu a pista de um ataque de militantes isl\u00e2micos, semelhante \u00e0queles ocorridos no passado contra bloggers e intelectuais leigos. Um pessoa foi presa no \u00e2mbito das investiga\u00e7\u00f5es sobre o homic\u00eddio do professor: Hafizur Rahman, l\u00edder do \u201cIslami Chhatra Shiibir\u201d, ala estudantil do partido islamista radical Jamaat-e-Islami. O homic\u00eddio do professor foi reivindicado pelo Estado Isl\u00e2mico (EI).<br \/>\u201cA situa\u00e7\u00e3o \u00e9 complexa, existem grupos extremistas isl\u00e2micos locais que agora se unem ao EI e buscam explorar essa imagem, assim como acontece no Oriente M\u00e9dio\u201d, explica a Fides o Bispo. Sobre a condi\u00e7\u00e3o dos crist\u00e3os, que no pa\u00eds s\u00e3o, no total, cerca de 1% da popula\u00e7\u00e3o (1,6 milh\u00e3o de habitantes num total de 160 milh\u00f5es), afirma: \u201cProcedemos com cautela e aten\u00e7\u00e3o, estamos conscientes da situa\u00e7\u00e3o, mas as nossas atividades pastorais, sociais e educativas continuam. Em alguns casos, o governo disp\u00f4s um suplemento para a escolta, aumentando o n\u00edvel de seguran\u00e7a tamb\u00e9m para n\u00f3s\u201d. \u201cA pequena Igreja Cat\u00f3lica em Bangladesh, que conta cerca de 300 mil fi\u00e9is (0,2% da popula\u00e7\u00e3o), continua a sua miss\u00e3o, vivendo na ora\u00e7\u00e3o e na f\u00e9 em Deus\u201d, explica.<br \/>Na semana passada, o EI reivindicou tamb\u00e9m a responsabilidade pelo homic\u00eddio de um pastor no norte de Bangladesh, Hossain Ali, 65, mu\u00e7ulmano que se converteu ao Cristianismo em 1999. Em fevereiro, um sacerdote hindu\u00edsta foi assassinado no nordeste do pa\u00eds. No ano passado, quatro bloggers foram mortos porque etiquetados como \u201cateus\u201d, somente pelo fato de defenderem um Estado laico e democr\u00e1tico. Sempre em 2015, o mission\u00e1rio italiano Piero Parolari foi ferido enquanto o cooperante Cesare Tavella e um japon\u00eas foram assassinados.<\/p>\n<p style=\"text-align: justify;\">Fonte: Ag\u00eancia Fides<\/p>\n","protected":false},"excerpt":{"rendered":"<p>Dacca (Ag\u00eancia Fides) &#8211; \u201cEstamos conscientes e preocupados, mas n\u00e3o alarmados. Os grupos fan\u00e1ticos est\u00e3o semeando morte, mas esperamos que o governo possa control\u00e1-los. As atividades pastorais e sociais da Igreja procedem\u201d: \u00e9 o que afirma a Fides o Bispo Auxiliar em\u00e9rito de Dacca, hoje docente do Semin\u00e1rio maior de Dacca, Dom Theotonius Gomes, enquanto [&hellip;]<\/p>\n","protected":false},"author":1,"featured_media":0,"comment_status":"open","ping_status":"open","sticky":false,"template":"","format":"standard","meta":{"footnotes":""},"categories":[4],"tags":[],"class_list":["post-14327","post","type-post","status-publish","format-standard","hentry","category-cotidiano"],"_links":{"self":[{"href":"https:\/\/catolicanet.net\/wp-cnet\/wp-json\/wp\/v2\/posts\/14327","targetHints":{"allow":["GET"]}}],"collection":[{"href":"https:\/\/catolicanet.net\/wp-cnet\/wp-json\/wp\/v2\/posts"}],"about":[{"href":"https:\/\/catolicanet.net\/wp-cnet\/wp-json\/wp\/v2\/types\/post"}],"author":[{"embeddable":true,"href":"https:\/\/catolicanet.net\/wp-cnet\/wp-json\/wp\/v2\/users\/1"}],"replies":[{"embeddable":true,"href":"https:\/\/catolicanet.net\/wp-cnet\/wp-json\/wp\/v2\/comments?post=14327"}],"version-history":[{"count":1,"href":"https:\/\/catolicanet.net\/wp-cnet\/wp-json\/wp\/v2\/posts\/14327\/revisions"}],"predecessor-version":[{"id":26104,"href":"https:\/\/catolicanet.net\/wp-cnet\/wp-json\/wp\/v2\/posts\/14327\/revisions\/26104"}],"wp:attachment":[{"href":"https:\/\/catolicanet.net\/wp-cnet\/wp-json\/wp\/v2\/media?parent=14327"}],"wp:term":[{"taxonomy":"category","embeddable":true,"href":"https:\/\/catolicanet.net\/wp-cnet\/wp-json\/wp\/v2\/categories?post=14327"},{"taxonomy":"post_tag","embeddable":true,"href":"https:\/\/catolicanet.net\/wp-cnet\/wp-json\/wp\/v2\/tags?post=14327"}],"curies":[{"name":"wp","href":"https:\/\/api.w.org\/{rel}","templated":true}]}}