{"id":14324,"date":"2016-04-27T13:55:34","date_gmt":"2016-04-27T16:55:34","guid":{"rendered":"http:\/\/catolicanet.net\/wp-cnet\/2016\/04\/27\/brasileiros-falam-do-jubileu-na-terra-santa-sudao-e-tailandia\/"},"modified":"2017-06-02T09:54:39","modified_gmt":"2017-06-02T12:54:39","slug":"brasileiros-falam-do-jubileu-na-terra-santa-sudao-e-tailandia","status":"publish","type":"post","link":"https:\/\/catolicanet.net\/wp-cnet\/brasileiros-falam-do-jubileu-na-terra-santa-sudao-e-tailandia\/","title":{"rendered":"Brasileiros falam do Jubileu na Terra Santa, Sud\u00e3o e Tail\u00e2ndia"},"content":{"rendered":"<p style=\"text-align: justify;\"><img decoding=\"async\" src=\"http:\/\/catolicanet.com.br\/images\/stories\/afp2021791_articolo.jpg\" border=\"0\" align=\"left\" \/>A edi\u00e7\u00e3o do \u201cPorta Aberta no Ano da Miseric\u00f3rdia\u201d desta quarta-feira (27\/04) d\u00e1 destaque \u00e0 celebra\u00e7\u00e3o do Ano Jubilar pelo mundo.<\/p>\n<p>Tr\u00eas sacerdotes brasileiros nos levar\u00e3o a tr\u00eas pa\u00edses diferentes. Fr. Bruno Varriano \u00e9\u00a0 Reitor e Guardi\u00e3o da Bas\u00edlica da Anuncia\u00e7\u00e3o, em Nazar\u00e9, em Israel. Fr. Bruno est\u00e1 h\u00e1 20 anos na Terra Santa e deu um testemunho \u00e0 R\u00e1dio Vaticano, falando da celebra\u00e7\u00e3o do Ano da Miseric\u00f3rdia e, modo especial, da situa\u00e7\u00e3o na S\u00edria, que faz parte da miss\u00e3o dos Frades Menores e est\u00e1 apenas a 80 Km da fronteira com Israel.<\/p>\n<p>J\u00e1 o Pe. Raimundo Nonato Rocha dos Santos nos leva ao Sud\u00e3o do Sul. Mission\u00e1rio comboniano da Diocese de Balsas (MA), Pe. Raimundo fala como \u00e9 viver este Ano Jubilar em meio a tantas dificuldades e em meio tamb\u00e9m aos refugiados.<\/p>\n<p>Por fim, Pe. Braz Louren\u00e7o de Oliveira fala de sua experi\u00eancia na Tail\u00e2ndia. Mission\u00e1rio do PIME de Cataguases (MG), Pe. Braz fala do Ano da Miseric\u00f3rdia num pa\u00eds em que 96% da popula\u00e7\u00e3o \u00e9 budista.<\/p>\n<p>O Porta Aberta vai ao ar \u00e0s quartas-feiras, \u00e0s 17h &#8211; hora local (12 hor\u00e1rio de Bras\u00edlia).<\/p>\n<p style=\"text-align: justify;\">Fonte: R\u00e1dio Vaticano<\/p>\n","protected":false},"excerpt":{"rendered":"<p>A edi\u00e7\u00e3o do \u201cPorta Aberta no Ano da Miseric\u00f3rdia\u201d desta quarta-feira (27\/04) d\u00e1 destaque \u00e0 celebra\u00e7\u00e3o do Ano Jubilar pelo mundo. Tr\u00eas sacerdotes brasileiros nos levar\u00e3o a tr\u00eas pa\u00edses diferentes. Fr. Bruno Varriano \u00e9\u00a0 Reitor e Guardi\u00e3o da Bas\u00edlica da Anuncia\u00e7\u00e3o, em Nazar\u00e9, em Israel. Fr. Bruno est\u00e1 h\u00e1 20 anos na Terra Santa e [&hellip;]<\/p>\n","protected":false},"author":1,"featured_media":0,"comment_status":"open","ping_status":"open","sticky":false,"template":"","format":"standard","meta":{"footnotes":""},"categories":[3],"tags":[],"class_list":["post-14324","post","type-post","status-publish","format-standard","hentry","category-vaticano"],"_links":{"self":[{"href":"https:\/\/catolicanet.net\/wp-cnet\/wp-json\/wp\/v2\/posts\/14324","targetHints":{"allow":["GET"]}}],"collection":[{"href":"https:\/\/catolicanet.net\/wp-cnet\/wp-json\/wp\/v2\/posts"}],"about":[{"href":"https:\/\/catolicanet.net\/wp-cnet\/wp-json\/wp\/v2\/types\/post"}],"author":[{"embeddable":true,"href":"https:\/\/catolicanet.net\/wp-cnet\/wp-json\/wp\/v2\/users\/1"}],"replies":[{"embeddable":true,"href":"https:\/\/catolicanet.net\/wp-cnet\/wp-json\/wp\/v2\/comments?post=14324"}],"version-history":[{"count":1,"href":"https:\/\/catolicanet.net\/wp-cnet\/wp-json\/wp\/v2\/posts\/14324\/revisions"}],"predecessor-version":[{"id":27719,"href":"https:\/\/catolicanet.net\/wp-cnet\/wp-json\/wp\/v2\/posts\/14324\/revisions\/27719"}],"wp:attachment":[{"href":"https:\/\/catolicanet.net\/wp-cnet\/wp-json\/wp\/v2\/media?parent=14324"}],"wp:term":[{"taxonomy":"category","embeddable":true,"href":"https:\/\/catolicanet.net\/wp-cnet\/wp-json\/wp\/v2\/categories?post=14324"},{"taxonomy":"post_tag","embeddable":true,"href":"https:\/\/catolicanet.net\/wp-cnet\/wp-json\/wp\/v2\/tags?post=14324"}],"curies":[{"name":"wp","href":"https:\/\/api.w.org\/{rel}","templated":true}]}}