{"id":1432,"date":"2012-01-19T16:47:49","date_gmt":"2012-01-19T18:47:49","guid":{"rendered":"http:\/\/catolicanet.net\/wp-cnet\/simposio-internacional-promove-combate-a-pedofilia\/"},"modified":"2017-03-20T14:05:14","modified_gmt":"2017-03-20T17:05:14","slug":"simposio-internacional-promove-combate-a-pedofilia","status":"publish","type":"post","link":"https:\/\/catolicanet.net\/wp-cnet\/simposio-internacional-promove-combate-a-pedofilia\/","title":{"rendered":"Simp\u00f3sio internacional promove combate \u00e0 pedofilia ."},"content":{"rendered":"<p style=\"text-align: justify;\"><img decoding=\"async\" src=\"images\/stories\/gregoriana.jpg\" border=\"0\" align=\"left\" \/>Em dire\u00e7\u00e3o \u00e0 cura e \u00e0 renova\u00e7\u00e3o, \u00e9 o t\u00edtulo do Simp\u00f3sio Internacional promovido pela Pontif\u00edcia Universidade Gregoriana de Roma, o qual vai abordar a tem\u00e1tica do abuso sexual por membros da Igreja. O objetivo desse encontro \u00e9 renovar o empenho da Institui\u00e7\u00e3o Cat\u00f3lica contra esse tipo de crime.<\/p>\n<p>Dos dias 6 a 9 de fevereiro, bispos e superiores gerais das ordens religiosas de todo o mundo estar\u00e3o reunidos na capital italiana para discutir a prote\u00e7\u00e3o das crian\u00e7as e das pessoas mais vulner\u00e1veis aos abusos sexuais. A confer\u00eancia ser\u00e1 uma ocasi\u00e3o para a troca de informa\u00e7\u00f5es sobre os recursos dispon\u00edveis, a n\u00edvel global, para reagir ao fen\u00f4meno tanto na Igreja quanto na sociedade em geral.<\/p>\n<p>Os debates ter\u00e3o como base a Circular difundida em maio do ano passado pela Congrega\u00e7\u00e3o para a Doutrina da F\u00e9, na qual foi solicitado a todas as dioceses do mundo que fossem estabelecidos procedimentos adequados para fornecer assist\u00eancia \u00e0s v\u00edtimas de tais abusos e para educar a comunidade eclesi\u00e1stica sobre o tema da prote\u00e7\u00e3o dos menores.<\/p>\n<p>Est\u00e3o convidados para palestrar especialistas de diversas \u00e1reas, como psicologia, direito can\u00f4nico, teologia e minist\u00e9rio pastoral.<\/p>\n<p style=\"text-align: justify;\">Fonte: CNBB<br \/>Local: Roma<\/p>\n<p style=\"text-align: justify;\">\u00a0<\/p>\n<p style=\"text-align: center;\">\u00a0<\/p>\n","protected":false},"excerpt":{"rendered":"<p>Em dire\u00e7\u00e3o \u00e0 cura e \u00e0 renova\u00e7\u00e3o, \u00e9 o t\u00edtulo do Simp\u00f3sio Internacional promovido pela Pontif\u00edcia Universidade Gregoriana de Roma, o qual vai abordar a tem\u00e1tica do abuso sexual por membros da Igreja. O objetivo desse encontro \u00e9 renovar o empenho da Institui\u00e7\u00e3o Cat\u00f3lica contra esse tipo de crime. Dos dias 6 a 9 de [&hellip;]<\/p>\n","protected":false},"author":1,"featured_media":1431,"comment_status":"closed","ping_status":"closed","sticky":false,"template":"","format":"standard","meta":{"footnotes":""},"categories":[7],"tags":[],"class_list":["post-1432","post","type-post","status-publish","format-standard","has-post-thumbnail","hentry","category-cnbb"],"_links":{"self":[{"href":"https:\/\/catolicanet.net\/wp-cnet\/wp-json\/wp\/v2\/posts\/1432","targetHints":{"allow":["GET"]}}],"collection":[{"href":"https:\/\/catolicanet.net\/wp-cnet\/wp-json\/wp\/v2\/posts"}],"about":[{"href":"https:\/\/catolicanet.net\/wp-cnet\/wp-json\/wp\/v2\/types\/post"}],"author":[{"embeddable":true,"href":"https:\/\/catolicanet.net\/wp-cnet\/wp-json\/wp\/v2\/users\/1"}],"replies":[{"embeddable":true,"href":"https:\/\/catolicanet.net\/wp-cnet\/wp-json\/wp\/v2\/comments?post=1432"}],"version-history":[{"count":1,"href":"https:\/\/catolicanet.net\/wp-cnet\/wp-json\/wp\/v2\/posts\/1432\/revisions"}],"predecessor-version":[{"id":6714,"href":"https:\/\/catolicanet.net\/wp-cnet\/wp-json\/wp\/v2\/posts\/1432\/revisions\/6714"}],"wp:featuredmedia":[{"embeddable":true,"href":"https:\/\/catolicanet.net\/wp-cnet\/wp-json\/wp\/v2\/media\/1431"}],"wp:attachment":[{"href":"https:\/\/catolicanet.net\/wp-cnet\/wp-json\/wp\/v2\/media?parent=1432"}],"wp:term":[{"taxonomy":"category","embeddable":true,"href":"https:\/\/catolicanet.net\/wp-cnet\/wp-json\/wp\/v2\/categories?post=1432"},{"taxonomy":"post_tag","embeddable":true,"href":"https:\/\/catolicanet.net\/wp-cnet\/wp-json\/wp\/v2\/tags?post=1432"}],"curies":[{"name":"wp","href":"https:\/\/api.w.org\/{rel}","templated":true}]}}