{"id":14310,"date":"2016-04-26T19:46:05","date_gmt":"2016-04-26T22:46:05","guid":{"rendered":"http:\/\/catolicanet.net\/wp-cnet\/2016\/04\/26\/acores-d-joao-lavrador-preside-as-festas-do-senhor-santo-cristo-dos-milagres\/"},"modified":"2017-05-31T11:01:00","modified_gmt":"2017-05-31T14:01:00","slug":"acores-d-joao-lavrador-preside-as-festas-do-senhor-santo-cristo-dos-milagres","status":"publish","type":"post","link":"https:\/\/catolicanet.net\/wp-cnet\/acores-d-joao-lavrador-preside-as-festas-do-senhor-santo-cristo-dos-milagres\/","title":{"rendered":"A\u00e7ores: D. Jo\u00e3o Lavrador preside \u00e0s Festas do Senhor Santo Cristo dos Milagres"},"content":{"rendered":"<p style=\"text-align: justify;\"><img decoding=\"async\" src=\"http:\/\/catolicanet.com.br\/images\/stories\/geral\/santuario_santo_cristo_noite_iluminado_festa.jpg\" border=\"0\" align=\"left\" \/>Celebra\u00e7\u00f5es d\u00e3o colorido a Ponta Delgada, na ilha de S\u00e3o Miguel, de 29 de abril a 2 de maio<\/p>\n<p>Angra do Hero\u00edsmo, A\u00e7ores, 26 abr 2016 (Ecclesia) \u2013 O bispo de Angra vai presidir \u00e0s Festas do Senhor Santo Cristo dos Milagres, cujo \u201cponto alto\u201d acontece a 30 de abril e 1 de maio.<\/p>\n<p>D. Jo\u00e3o Lavrador vai presidir e participar nas festividades do Senhor Santo Cristo dos Milagres pela primeira vez, a convite do reitor do santu\u00e1rio, feito ainda quando o prelado era bispo coadjutor da diocese.<\/p>\n<p>O s\u00edtio na internet \u2018Igreja A\u00e7ores\u2019, da Diocese de Angra, destaca que o \u201cponto alto\u201d das Festas do Santo Cristo dos Milagres acontece entre s\u00e1bado e domingo, com as prociss\u00f5es \u201cda mudan\u00e7a e a solene\u201d, quando a imagem \u00e9 entregue \u00e0 irmandade do Senhor Santo Cristo pelas irm\u00e3s de Maria Imaculada.<\/p>\n<p>Segue-se um momento de ora\u00e7\u00e3o e \u00e0 noite a prociss\u00e3o de velas que permite a passagem da imagem para a Igreja de S\u00e3o Jos\u00e9, onde continua a vig\u00edlia.<\/p>\n<p>Ainda este s\u00e1bado, assinala-se a rece\u00e7\u00e3o das ofertas de gado junto ao redondel da Associa\u00e7\u00e3o Agr\u00edcola de S\u00e3o Miguel seguida das arremata\u00e7\u00f5es das ofertas de gado cuja receita reverte para as festas.<\/p>\n<p>No domingo, a solene prociss\u00e3o \u00e0 tarde \u00e9 precedida pela Missa campal que vai vai ser animada com \u201cc\u00e2nticos de compositores a\u00e7orianos\u201d por cerca de 60 vozes &#8211; Scola Cantorum\u00a0 Ecce Hommo\u00a0 do Santu\u00e1rio da Esperan\u00e7a de Ponta Delgada, o Coral Lit\u00fargico da Matriz de Ponta Delgada e o Coro Vox Caeli de Cantanhede, de Coimbra &#8211; e uma orquestra constitu\u00edda por alunos do Conservat\u00f3rio Regional de Ponta Delgada.<\/p>\n<p>A \u201cmaior festa religiosa\u201d dos A\u00e7ores, que \u201catrai a Ponta Delgada milhares de peregrinos\u201d, vai ser transmitida pela internet em tempo real e ter\u00e3o v\u00e1rios per\u00edodos de transmiss\u00e3o na RTP A\u00e7ores e RTP Internacional.<\/p>\n<p>J\u00e1 o bispo em\u00e9rito de Angra vai pregar o tr\u00edduo preparat\u00f3rio que come\u00e7a esta quarta-feira.<\/p>\n<p>D. Ant\u00f3nio de Sousa Braga em mar\u00e7o completou 75 anos de idade, idade m\u00e1xima determinada pelo C\u00f3digo de Direito Can\u00f3nico para o desempenho da sua miss\u00e3o.<\/p>\n<p>A imagem do Senhor Santo Cristo venerada no Arquip\u00e9lago dos A\u00e7ores, origin\u00e1ria do s\u00e9culo XVI, \u00e9 uma representa\u00e7\u00e3o em madeira da Paix\u00e3o de Cristo e est\u00e1 aberta ao culto no Convento de Nossa Senhora da Esperan\u00e7a, em Ponta Delgada, Ilha de S\u00e3o Miguel.<\/p>\n<p>Mostra Cristo com as m\u00e3os amarradas sobre o tronco, uma coroa de espinhos na cabe\u00e7a e com a capa e o cetro que, segundo os Evangelhos, os soldados romanos lhe deram depois de o flagelarem.<\/p>\n<p>O culto a esta recria\u00e7\u00e3o do \u201cEcce Homo &#8211; Eis o homem\u201d, express\u00e3o atribu\u00edda a P\u00f4ncio Pilatos quando apresentou Jesus aos judeus durante o seu julgamento no Sin\u00e9drio &#8211; intensificou-se no s\u00e9culo XVIII atrav\u00e9s da obra da irm\u00e3 clarissa Teresa da Anunciada.<\/p>\n<p>As Festas do Senhor Santo Cristo dos Milagres realizam-se anualmente no quinto domingo depois da P\u00e1scoa e a capa que a Imagem vai usar vai ser anunciada esta sexta-feira.<\/p>\n<p>O s\u00edtio \u2018Igreja A\u00e7ores\u2019 revela ainda que a Irmandade do Santo Cristo dos Milagres e a C\u00e2mara Municipal de Ponta Delgada apara al\u00e9m do programa religioso preparam tamb\u00e9m um \u201cvasto programa cultural\u201d.<\/p>\n<p>Fonte: Ag\u00eancia Ecclesia<\/p>\n","protected":false},"excerpt":{"rendered":"<p>Celebra\u00e7\u00f5es d\u00e3o colorido a Ponta Delgada, na ilha de S\u00e3o Miguel, de 29 de abril a 2 de maio Angra do Hero\u00edsmo, A\u00e7ores, 26 abr 2016 (Ecclesia) \u2013 O bispo de Angra vai presidir \u00e0s Festas do Senhor Santo Cristo dos Milagres, cujo \u201cponto alto\u201d acontece a 30 de abril e 1 de maio. D. [&hellip;]<\/p>\n","protected":false},"author":1,"featured_media":0,"comment_status":"open","ping_status":"open","sticky":false,"template":"","format":"standard","meta":{"footnotes":""},"categories":[4],"tags":[],"class_list":["post-14310","post","type-post","status-publish","format-standard","hentry","category-cotidiano"],"_links":{"self":[{"href":"https:\/\/catolicanet.net\/wp-cnet\/wp-json\/wp\/v2\/posts\/14310","targetHints":{"allow":["GET"]}}],"collection":[{"href":"https:\/\/catolicanet.net\/wp-cnet\/wp-json\/wp\/v2\/posts"}],"about":[{"href":"https:\/\/catolicanet.net\/wp-cnet\/wp-json\/wp\/v2\/types\/post"}],"author":[{"embeddable":true,"href":"https:\/\/catolicanet.net\/wp-cnet\/wp-json\/wp\/v2\/users\/1"}],"replies":[{"embeddable":true,"href":"https:\/\/catolicanet.net\/wp-cnet\/wp-json\/wp\/v2\/comments?post=14310"}],"version-history":[{"count":1,"href":"https:\/\/catolicanet.net\/wp-cnet\/wp-json\/wp\/v2\/posts\/14310\/revisions"}],"predecessor-version":[{"id":26109,"href":"https:\/\/catolicanet.net\/wp-cnet\/wp-json\/wp\/v2\/posts\/14310\/revisions\/26109"}],"wp:attachment":[{"href":"https:\/\/catolicanet.net\/wp-cnet\/wp-json\/wp\/v2\/media?parent=14310"}],"wp:term":[{"taxonomy":"category","embeddable":true,"href":"https:\/\/catolicanet.net\/wp-cnet\/wp-json\/wp\/v2\/categories?post=14310"},{"taxonomy":"post_tag","embeddable":true,"href":"https:\/\/catolicanet.net\/wp-cnet\/wp-json\/wp\/v2\/tags?post=14310"}],"curies":[{"name":"wp","href":"https:\/\/api.w.org\/{rel}","templated":true}]}}