{"id":14308,"date":"2016-04-26T19:30:01","date_gmt":"2016-04-26T22:30:01","guid":{"rendered":"http:\/\/catolicanet.net\/wp-cnet\/2016\/04\/26\/fatima-santuario-estreia-espetaculo-multidisciplinar-sobre-lo-dia-em-que-o-sol-bailour\/"},"modified":"2017-05-31T11:01:00","modified_gmt":"2017-05-31T14:01:00","slug":"fatima-santuario-estreia-espetaculo-multidisciplinar-sobre-lo-dia-em-que-o-sol-bailour","status":"publish","type":"post","link":"https:\/\/catolicanet.net\/wp-cnet\/fatima-santuario-estreia-espetaculo-multidisciplinar-sobre-lo-dia-em-que-o-sol-bailour\/","title":{"rendered":"F\u00e1tima: Santu\u00e1rio estreia espet\u00e1culo multidisciplinar sobre \u00abo dia em que o Sol bailou\u00bb"},"content":{"rendered":"<p style=\"text-align: justify;\"><img decoding=\"async\" src=\"http:\/\/catolicanet.com.br\/images\/stories\/geral\/o_dia_em_que_o_sol_bailou.jpg\" border=\"0\" align=\"left\" \/>Iniciativa desenvolvida pela Vortice Dance Company foi encomendada no \u00e2mbito das celebra\u00e7\u00f5es do Centen\u00e1rio das Apari\u00e7\u00f5es<\/p>\n<p>F\u00e1tima, Santar\u00e9m, 26 abr 2016 (Ecclesia) &#8211; O Santu\u00e1rio de F\u00e1tima vai apresentar a 11 de maio o espet\u00e1culo multidisciplinar \u2018\u201cF\u00e1tima \u2013 O dia em que o Sol bailou\u2019, desenvolvido pela Vortice Dance Company no \u00e2mbito da programa\u00e7\u00e3o do Centen\u00e1rio das Apari\u00e7\u00f5es (1917-2017).<\/p>\n<p>A primeira apresenta\u00e7\u00e3o do espet\u00e1culo, reservada \u00e0s escolas e col\u00e9gios de F\u00e1tima e Leiria, est\u00e1 marcada para as 14h30; a estreia est\u00e1 marcada para o dia 13 de maio, pelas 21h00, com repeti\u00e7\u00e3o, dois dias depois, pelas 16h00, no grande audit\u00f3rio do Centro Pastoral de Paulo VI, em F\u00e1tima.<\/p>\n<p>\u201cTrata-se de um projeto que, focando as apari\u00e7\u00f5es de F\u00e1tima e o seu reflexo na hist\u00f3ria contempor\u00e2nea, procura esbo\u00e7ar um retrato do acontecimento que marcou o s\u00e9culo XX\u201d, revela o Santu\u00e1rio de F\u00e1tima, em nota enviada hoje \u00e0 Ag\u00eancia ECCLESIA.<\/p>\n<p>O espet\u00e1culo tem a assinatura dos core\u00f3grafos e diretores art\u00edsticos Cl\u00e1udia Martins e Rafael Carri\u00e7o, evocando a vist\u00e3o da Senhora \u201cvestida toda de branco, mais brilhante que o sol\u201d relatada pelos videntes de F\u00e1tima, L\u00facia, Jacinta e Francisco.<\/p>\n<p>Em cima de palco v\u00e3o estar artistas de v\u00e1rias nacionalidades.<\/p>\n<p>O projeto cruza v\u00e1rias disciplinas art\u00edsticas como a dan\u00e7a, o v\u00eddeo, a figura\u00e7\u00e3o em holograma, a cenografia 3D e figurinos recicl\u00e1veis.<\/p>\n<p>A Vortice Dance Company, residente em F\u00e1tima, completa 15 anos de exist\u00eancia em 2016.<\/p>\n<p>Este \u00e9 o segundo trabalho da companhia de dan\u00e7a para o Santu\u00e1rio de F\u00e1tima, depois da pe\u00e7a &#8216;A Solo com os Anjos&#8217;, desenvolvida para as celebra\u00e7\u00f5es dos 90 anos das Apari\u00e7\u00f5es do Anjo em F\u00e1tima, em 2006.<\/p>\n<p>Ap\u00f3s as apresenta\u00e7\u00f5es em F\u00e1tima, o espet\u00e1culo estar\u00e1 em cena em Portugal, no Teatro Municipal de Bragan\u00e7a, e no Brasil, passando por cidades como S\u00e3o Paulo, Rio de Janeiro, Porto Alegre, Curitiba, Recife, Natal, entre outras.<\/p>\n<p style=\"text-align: justify;\">Fonte: Ag\u00eancia Ecclesia<\/p>\n","protected":false},"excerpt":{"rendered":"<p>Iniciativa desenvolvida pela Vortice Dance Company foi encomendada no \u00e2mbito das celebra\u00e7\u00f5es do Centen\u00e1rio das Apari\u00e7\u00f5es F\u00e1tima, Santar\u00e9m, 26 abr 2016 (Ecclesia) &#8211; O Santu\u00e1rio de F\u00e1tima vai apresentar a 11 de maio o espet\u00e1culo multidisciplinar \u2018\u201cF\u00e1tima \u2013 O dia em que o Sol bailou\u2019, desenvolvido pela Vortice Dance Company no \u00e2mbito da programa\u00e7\u00e3o do [&hellip;]<\/p>\n","protected":false},"author":1,"featured_media":0,"comment_status":"open","ping_status":"open","sticky":false,"template":"","format":"standard","meta":{"footnotes":""},"categories":[4],"tags":[],"class_list":["post-14308","post","type-post","status-publish","format-standard","hentry","category-cotidiano"],"_links":{"self":[{"href":"https:\/\/catolicanet.net\/wp-cnet\/wp-json\/wp\/v2\/posts\/14308","targetHints":{"allow":["GET"]}}],"collection":[{"href":"https:\/\/catolicanet.net\/wp-cnet\/wp-json\/wp\/v2\/posts"}],"about":[{"href":"https:\/\/catolicanet.net\/wp-cnet\/wp-json\/wp\/v2\/types\/post"}],"author":[{"embeddable":true,"href":"https:\/\/catolicanet.net\/wp-cnet\/wp-json\/wp\/v2\/users\/1"}],"replies":[{"embeddable":true,"href":"https:\/\/catolicanet.net\/wp-cnet\/wp-json\/wp\/v2\/comments?post=14308"}],"version-history":[{"count":1,"href":"https:\/\/catolicanet.net\/wp-cnet\/wp-json\/wp\/v2\/posts\/14308\/revisions"}],"predecessor-version":[{"id":26110,"href":"https:\/\/catolicanet.net\/wp-cnet\/wp-json\/wp\/v2\/posts\/14308\/revisions\/26110"}],"wp:attachment":[{"href":"https:\/\/catolicanet.net\/wp-cnet\/wp-json\/wp\/v2\/media?parent=14308"}],"wp:term":[{"taxonomy":"category","embeddable":true,"href":"https:\/\/catolicanet.net\/wp-cnet\/wp-json\/wp\/v2\/categories?post=14308"},{"taxonomy":"post_tag","embeddable":true,"href":"https:\/\/catolicanet.net\/wp-cnet\/wp-json\/wp\/v2\/tags?post=14308"}],"curies":[{"name":"wp","href":"https:\/\/api.w.org\/{rel}","templated":true}]}}