{"id":14307,"date":"2016-04-26T19:19:41","date_gmt":"2016-04-26T22:19:41","guid":{"rendered":"http:\/\/catolicanet.net\/wp-cnet\/2016\/04\/26\/1o-de-maio-movimento-mundial-de-trabalhadores-cristaos-denuncia-ataques-aos-direitos-laborais\/"},"modified":"2017-05-31T11:01:01","modified_gmt":"2017-05-31T14:01:01","slug":"1o-de-maio-movimento-mundial-de-trabalhadores-cristaos-denuncia-ataques-aos-direitos-laborais","status":"publish","type":"post","link":"https:\/\/catolicanet.net\/wp-cnet\/1o-de-maio-movimento-mundial-de-trabalhadores-cristaos-denuncia-ataques-aos-direitos-laborais\/","title":{"rendered":"1.\u00ba de Maio: Movimento Mundial de Trabalhadores Crist\u00e3os denuncia ataques aos direitos laborais"},"content":{"rendered":"<p style=\"text-align: justify;\"><img decoding=\"async\" src=\"http:\/\/catolicanet.com.br\/images\/stories\/geral\/omt_trabalhador_solda1.jpg\" border=\"0\" align=\"left\" \/>\u00abSa\u00edda da crise debita todos os sacrif\u00edcios e perdas na conta dos trabalhadores\u00bb, adverte organiza\u00e7\u00e3o<\/p>\n<p>Lisboa, 26 abr 2016 (Ecclesia) &#8211; O Movimento Mundial de Trabalhadores Crist\u00e3os (MMTC) denuncia na sua mensagem para o 1.\u00ba de Maio um \u201cprojeto\u201d de sa\u00edda da crise financeira que visa reduzir sal\u00e1rios e direitos laborais.<\/p>\n<p>\u201cEm todo o mundo, o capital tem um projeto claro para sair da crise: diminuir os pre\u00e7os de mat\u00e9rias-primas e reduzir os sal\u00e1rios e direitos dos trabalhadores a fim de garantir o aumento da sua taxa de lucro\u201d, refere o documento, enviado hoje \u00e0 Ag\u00eancia ECCLESIA.<\/p>\n<p>Para os respons\u00e1veis da organiza\u00e7\u00e3o, que tem como membro a Liga Oper\u00e1ria Cat\u00f3lica (LOC\/MTC), de Portugal, a op\u00e7\u00e3o por esta sa\u00edda da crise \u201cdebita todos os sacrif\u00edcios e perdas na conta dos trabalhadores\u201d.<\/p>\n<p>Os militantes do movimento apresentam trabalho como \u201cdireito humano\u201d e afirmam a sua inten\u00e7\u00e3o de lugar pela cria\u00e7\u00e3o de \u201ctrabalho digno\u201d e a \u201cimplementa\u00e7\u00e3o de pol\u00edticas p\u00fablicas que restituam todos os direitos dos trabalhadores\u201d.<\/p>\n<p>O MMTC sustenta que o aumento do desemprego e a redu\u00e7\u00e3o de direitos laborais provocam \u201cmaior crise social\u201d.<\/p>\n<p>A crise econ\u00f3mica, prossegue a mensagem, desdobra-se noutras crises, como a ambiental e a \u201ccrise de valores\u201d.<\/p>\n<p>Falando num \u201cpovo trabalhador revoltado\u201d, o MMTC sai em defesa de direitos fundamentais como \u201cterra, teto, trabalho, sal\u00e1rio, sa\u00fade e educa\u00e7\u00e3o\u201d.<\/p>\n<p>A nota recorda ainda situa\u00e7\u00f5es como a crise dos migrantes, deslocados e refugiados, o trabalho escravo, o tr\u00e1fico de pessoas e a explora\u00e7\u00e3o infantil, bem como o \u201cgrave acontecimento\u201d das persegui\u00e7\u00f5es religiosas contra crist\u00e3os.<\/p>\n<p>O MMTC apresenta-se como \u201cum movimento oper\u00e1rio, da classe trabalhadora, que procura desta forma entender melhor a vida dos que vivem do seu trabalho\u201d.<\/p>\n<p style=\"text-align: justify;\">Fonte: Ag\u00eancia Ecclesia<\/p>\n","protected":false},"excerpt":{"rendered":"<p>\u00abSa\u00edda da crise debita todos os sacrif\u00edcios e perdas na conta dos trabalhadores\u00bb, adverte organiza\u00e7\u00e3o Lisboa, 26 abr 2016 (Ecclesia) &#8211; O Movimento Mundial de Trabalhadores Crist\u00e3os (MMTC) denuncia na sua mensagem para o 1.\u00ba de Maio um \u201cprojeto\u201d de sa\u00edda da crise financeira que visa reduzir sal\u00e1rios e direitos laborais. \u201cEm todo o mundo, [&hellip;]<\/p>\n","protected":false},"author":1,"featured_media":0,"comment_status":"open","ping_status":"open","sticky":false,"template":"","format":"standard","meta":{"footnotes":""},"categories":[4],"tags":[],"class_list":["post-14307","post","type-post","status-publish","format-standard","hentry","category-cotidiano"],"_links":{"self":[{"href":"https:\/\/catolicanet.net\/wp-cnet\/wp-json\/wp\/v2\/posts\/14307","targetHints":{"allow":["GET"]}}],"collection":[{"href":"https:\/\/catolicanet.net\/wp-cnet\/wp-json\/wp\/v2\/posts"}],"about":[{"href":"https:\/\/catolicanet.net\/wp-cnet\/wp-json\/wp\/v2\/types\/post"}],"author":[{"embeddable":true,"href":"https:\/\/catolicanet.net\/wp-cnet\/wp-json\/wp\/v2\/users\/1"}],"replies":[{"embeddable":true,"href":"https:\/\/catolicanet.net\/wp-cnet\/wp-json\/wp\/v2\/comments?post=14307"}],"version-history":[{"count":1,"href":"https:\/\/catolicanet.net\/wp-cnet\/wp-json\/wp\/v2\/posts\/14307\/revisions"}],"predecessor-version":[{"id":26111,"href":"https:\/\/catolicanet.net\/wp-cnet\/wp-json\/wp\/v2\/posts\/14307\/revisions\/26111"}],"wp:attachment":[{"href":"https:\/\/catolicanet.net\/wp-cnet\/wp-json\/wp\/v2\/media?parent=14307"}],"wp:term":[{"taxonomy":"category","embeddable":true,"href":"https:\/\/catolicanet.net\/wp-cnet\/wp-json\/wp\/v2\/categories?post=14307"},{"taxonomy":"post_tag","embeddable":true,"href":"https:\/\/catolicanet.net\/wp-cnet\/wp-json\/wp\/v2\/tags?post=14307"}],"curies":[{"name":"wp","href":"https:\/\/api.w.org\/{rel}","templated":true}]}}