{"id":14300,"date":"2016-04-26T13:34:53","date_gmt":"2016-04-26T16:34:53","guid":{"rendered":"http:\/\/catolicanet.net\/wp-cnet\/2016\/04\/26\/obama-cita-palavras-de-francisco-sobre-migrantes\/"},"modified":"2017-06-02T11:32:06","modified_gmt":"2017-06-02T14:32:06","slug":"obama-cita-palavras-de-francisco-sobre-migrantes","status":"publish","type":"post","link":"https:\/\/catolicanet.net\/wp-cnet\/obama-cita-palavras-de-francisco-sobre-migrantes\/","title":{"rendered":"Obama cita palavras de Francisco sobre migrantes"},"content":{"rendered":"<p style=\"text-align: justify;\"><img decoding=\"async\" src=\"http:\/\/catolicanet.com.br\/images\/stories\/geral\/ansa994579_articolo.jpg\" border=\"0\" align=\"left\" \/>Em encontro segunda-feira (25\/04) na cidade alem\u00e3 de Hannover, o presidente dos EUA, Barak Obama, deu uma demonstra\u00e7\u00e3o p\u00fablica de apoio ao tratamento \u2018corajoso\u2019 de Angela Merkel \u00e0 quest\u00e3o dos migrantes. A primeira-ministra alem\u00e3, disse ele, \u201cest\u00e1 do lado certo da Hist\u00f3ria sobre isso\u201d.\u00a0 <\/p>\n<p>Palavras do Papa ficaram marcadas<\/p>\n<p>Obama tamb\u00e9m lembrou as palavras do Papa Francisco de que \u201cos refugiados n\u00e3o s\u00e3o n\u00fameros, mas pessoas, que t\u00eam um rosto e hist\u00f3rias\u201d.<\/p>\n<p>Na abertura da Hannover Messe, a maior feira industrial do mundo, Obama elogiou o pa\u00eds, dizendo que, \u201cmais que qualquer outra na\u00e7\u00e3o, as autoridades alem\u00e3s aprenderam que aquilo que o mundo precisa n\u00e3o s\u00e3o mais muros\u201d.<\/p>\n<p>Europeus n\u00e3o se esque\u00e7am de seu passado<\/p>\n<p>\u201cEu digo ao povo europeu, n\u00e3o se esque\u00e7am de onde voc\u00eas vieram, voc\u00eas s\u00e3o o legado da luta pela liberdade: alem\u00e3es, franceses, holandeses, belgas, luxemburgueses, italianos, e at\u00e9 mesmo os brit\u00e2nicos, levaram a Europa de volta ao caminho da uni\u00e3o, superando as velhas divis\u00f5es\u201d.<\/p>\n<p>Merkel, por sua vez, disse estar \u201cbastante feliz, pelo fato de, nestes tempos turbulentos, ter novamente uma oportunidade para falar especialmente sobre o combate ao terrorismo e \u00e0s raz\u00f5es que levam as pessoas a fugir dos seus pa\u00edses de origem, bem como quest\u00f5es relacionadas com a migra\u00e7\u00e3o\u201d.<\/p>\n<p>Na parte da tarde, Matteo Renzi, Fran\u00e7ois Hollande e David Cameron se uniram a Merkel e Obama. Os l\u00edderes da Alemanha, EUA, It\u00e1lia, Fran\u00e7a e Gr\u00e3-Bretanha prosseguiram o debate sobre o combate ao terrorismo na S\u00edria e na L\u00edbia e a quest\u00e3o da imigra\u00e7\u00e3o.<\/p>\n<p style=\"text-align: justify;\">Fonte: R\u00e1dio Vaticano<\/p>\n","protected":false},"excerpt":{"rendered":"<p>Em encontro segunda-feira (25\/04) na cidade alem\u00e3 de Hannover, o presidente dos EUA, Barak Obama, deu uma demonstra\u00e7\u00e3o p\u00fablica de apoio ao tratamento \u2018corajoso\u2019 de Angela Merkel \u00e0 quest\u00e3o dos migrantes. A primeira-ministra alem\u00e3, disse ele, \u201cest\u00e1 do lado certo da Hist\u00f3ria sobre isso\u201d.\u00a0 Palavras do Papa ficaram marcadas Obama tamb\u00e9m lembrou as palavras do [&hellip;]<\/p>\n","protected":false},"author":1,"featured_media":0,"comment_status":"open","ping_status":"open","sticky":false,"template":"","format":"standard","meta":{"footnotes":""},"categories":[3],"tags":[],"class_list":["post-14300","post","type-post","status-publish","format-standard","hentry","category-vaticano"],"_links":{"self":[{"href":"https:\/\/catolicanet.net\/wp-cnet\/wp-json\/wp\/v2\/posts\/14300","targetHints":{"allow":["GET"]}}],"collection":[{"href":"https:\/\/catolicanet.net\/wp-cnet\/wp-json\/wp\/v2\/posts"}],"about":[{"href":"https:\/\/catolicanet.net\/wp-cnet\/wp-json\/wp\/v2\/types\/post"}],"author":[{"embeddable":true,"href":"https:\/\/catolicanet.net\/wp-cnet\/wp-json\/wp\/v2\/users\/1"}],"replies":[{"embeddable":true,"href":"https:\/\/catolicanet.net\/wp-cnet\/wp-json\/wp\/v2\/comments?post=14300"}],"version-history":[{"count":1,"href":"https:\/\/catolicanet.net\/wp-cnet\/wp-json\/wp\/v2\/posts\/14300\/revisions"}],"predecessor-version":[{"id":28227,"href":"https:\/\/catolicanet.net\/wp-cnet\/wp-json\/wp\/v2\/posts\/14300\/revisions\/28227"}],"wp:attachment":[{"href":"https:\/\/catolicanet.net\/wp-cnet\/wp-json\/wp\/v2\/media?parent=14300"}],"wp:term":[{"taxonomy":"category","embeddable":true,"href":"https:\/\/catolicanet.net\/wp-cnet\/wp-json\/wp\/v2\/categories?post=14300"},{"taxonomy":"post_tag","embeddable":true,"href":"https:\/\/catolicanet.net\/wp-cnet\/wp-json\/wp\/v2\/tags?post=14300"}],"curies":[{"name":"wp","href":"https:\/\/api.w.org\/{rel}","templated":true}]}}