{"id":14292,"date":"2016-04-26T03:00:00","date_gmt":"2016-04-26T06:00:00","guid":{"rendered":"http:\/\/catolicanet.net\/wp-cnet\/2016\/04\/26\/maria-voce-o-papa-possui-a-forca-da-palavra\/"},"modified":"2017-06-02T11:12:31","modified_gmt":"2017-06-02T14:12:31","slug":"maria-voce-o-papa-possui-a-forca-da-palavra","status":"publish","type":"post","link":"https:\/\/catolicanet.net\/wp-cnet\/maria-voce-o-papa-possui-a-forca-da-palavra\/","title":{"rendered":"Maria Voce: o Papa possui a for\u00e7a da palavra"},"content":{"rendered":"<p style=\"text-align: justify;\"><img decoding=\"async\" src=\"http:\/\/catolicanet.com.br\/images\/stories\/geral\/ossrom120465_articolo.jpg\" border=\"0\" align=\"left\" \/>\u201cFoi a primeira vez de um Papa em uma Mari\u00e1polis e me veio em mente as muitas vezes que ouvi Chiara Lubich descrever o efeito que fazia nela a visita e as palavras de um bispo nas Mari\u00e1polis\u201d. Assim a Presidente do Movimento dos Focolares, Maria Voce, comentou ao L\u2019Osservatore Romano a visita surpresa que o Papa Francisco realizou na tarde de domingo \u00e0 \u201cAldeia para a Terra\u201d, evento organizado na Villa Borghese, em Roma, por ocasi\u00e3o do Dia da Terra It\u00e1lia.<\/p>\n<p>Chiara percebia nestas visitas \u201cuma presen\u00e7a, uma un\u00e7\u00e3o\u201d que as tornavam diferentes de quaisquer outra pessoa, mesmo\u00a0 se fosse a de um te\u00f3logo ou de um santo. Assim, tinha a \u201cpercep\u00e7\u00e3o de que a \u2018Cidade de Maria\u2019 chegava ao seu cumprimento, tornando-se \u2018Cidade Igreja\u2019\u201d. E isto \u201cfoi o que aconteceu, em plenitude \u2013 prossegue Maria Voce \u2013 com a visita surpresa do Papa Francisco \u00e0 \u201cAldeia para a terra\u201d na Villa Borghese, onde se realizava a Mari\u00e1polis de Roma, que por\u00e9m n\u00e3o se limitava \u00e0 capital. Assim, toda Mari\u00e1polis que se realiza e se realizar\u00e1 no mundo \u2013 e s\u00e3o centenas \u2013 se sentir\u00e1 olhada e amada da mesma maneira\u201d.<\/p>\n<p>\u201cAquele seu falar espont\u00e2neo \u2013 sublinha \u2013 deixando de lado desde in\u00edcio as folhas, era como se dissesse: voc\u00eas conquistaram o meu cora\u00e7\u00e3o e devo responder \u00e0quilo que voc\u00eas disseram de mim. E as suas palavras claras, luminosas, n\u00e3o eram somente o reconhecimento pelo compromisso e a a\u00e7\u00e3o de todos que falaram a ele, mas tinham o sabor de um programa para o futuro: nelas retornavam como ideia forte, o prod\u00edgio e a possibilidade de transformar o deserto em floresta\u201d.<\/p>\n<p>\u201cMe causou forte impress\u00e3o \u2013 observa ainda Maria Voce \u2013 a for\u00e7a com que disse, que aquilo que vale, \u00e9 levar vida. N\u00e3o fazer programas e permanecer engaiolados, mas ir de encontro \u00e0 vida assim como ela \u00e9, com a sua desordem e os seus conflitos, sem medo, enfrentando os riscos e colhendo as oportunidades. Para reconhecer a realidade com o cora\u00e7\u00e3o, \u00e9 necess\u00e1rio aproximar-se. Acontecem assim os milagres: desertos, os mais variados, que se transformam em florestas. O Papa Francisco possui a for\u00e7a da palavra. As suas imagens n\u00e3o se apagam, nem da mente, nem do cora\u00e7\u00e3o\u201d. \u201cJuntos entre os diferentes \u2013 acrescenta: pessoas, grupos, associa\u00e7\u00f5es. O Pont\u00edfice repetiu isto muitas vezes porque nos leva em considera\u00e7\u00e3o\u201d.<\/p>\n<p style=\"text-align: justify;\">Fonte: R\u00e1dio Vaticano<\/p>\n","protected":false},"excerpt":{"rendered":"<p>\u201cFoi a primeira vez de um Papa em uma Mari\u00e1polis e me veio em mente as muitas vezes que ouvi Chiara Lubich descrever o efeito que fazia nela a visita e as palavras de um bispo nas Mari\u00e1polis\u201d. Assim a Presidente do Movimento dos Focolares, Maria Voce, comentou ao L\u2019Osservatore Romano a visita surpresa que [&hellip;]<\/p>\n","protected":false},"author":1,"featured_media":0,"comment_status":"open","ping_status":"open","sticky":false,"template":"","format":"standard","meta":{"footnotes":""},"categories":[3],"tags":[],"class_list":["post-14292","post","type-post","status-publish","format-standard","hentry","category-vaticano"],"_links":{"self":[{"href":"https:\/\/catolicanet.net\/wp-cnet\/wp-json\/wp\/v2\/posts\/14292","targetHints":{"allow":["GET"]}}],"collection":[{"href":"https:\/\/catolicanet.net\/wp-cnet\/wp-json\/wp\/v2\/posts"}],"about":[{"href":"https:\/\/catolicanet.net\/wp-cnet\/wp-json\/wp\/v2\/types\/post"}],"author":[{"embeddable":true,"href":"https:\/\/catolicanet.net\/wp-cnet\/wp-json\/wp\/v2\/users\/1"}],"replies":[{"embeddable":true,"href":"https:\/\/catolicanet.net\/wp-cnet\/wp-json\/wp\/v2\/comments?post=14292"}],"version-history":[{"count":1,"href":"https:\/\/catolicanet.net\/wp-cnet\/wp-json\/wp\/v2\/posts\/14292\/revisions"}],"predecessor-version":[{"id":28119,"href":"https:\/\/catolicanet.net\/wp-cnet\/wp-json\/wp\/v2\/posts\/14292\/revisions\/28119"}],"wp:attachment":[{"href":"https:\/\/catolicanet.net\/wp-cnet\/wp-json\/wp\/v2\/media?parent=14292"}],"wp:term":[{"taxonomy":"category","embeddable":true,"href":"https:\/\/catolicanet.net\/wp-cnet\/wp-json\/wp\/v2\/categories?post=14292"},{"taxonomy":"post_tag","embeddable":true,"href":"https:\/\/catolicanet.net\/wp-cnet\/wp-json\/wp\/v2\/tags?post=14292"}],"curies":[{"name":"wp","href":"https:\/\/api.w.org\/{rel}","templated":true}]}}