{"id":14271,"date":"2016-04-25T13:32:17","date_gmt":"2016-04-25T16:32:17","guid":{"rendered":"http:\/\/catolicanet.net\/wp-cnet\/2016\/04\/25\/ccm-oferece-aprimoramento-em-lingua-portuguesa-para-missionarios-estrangeiros\/"},"modified":"2017-05-26T16:06:57","modified_gmt":"2017-05-26T19:06:57","slug":"ccm-oferece-aprimoramento-em-lingua-portuguesa-para-missionarios-estrangeiros","status":"publish","type":"post","link":"https:\/\/catolicanet.net\/wp-cnet\/ccm-oferece-aprimoramento-em-lingua-portuguesa-para-missionarios-estrangeiros\/","title":{"rendered":"CCM oferece aprimoramento em l\u00edngua portuguesa para mission\u00e1rios estrangeiros"},"content":{"rendered":"<p style=\"text-align: justify;\"><img decoding=\"async\" src=\"http:\/\/catolicanet.com.br\/images\/stories\/noticias\/cursoport.jpg\" border=\"0\" align=\"left\" \/>O curso come\u00e7ar\u00e1 no dia 3 de julho e inclui programa\u00e7\u00e3o cultural e pastoral<\/p>\n<p>Com objetivo de contribuir com a viv\u00eancia e inser\u00e7\u00e3o de mission\u00e1rios estrangeiros no Brasil, o Centro Cultural Mission\u00e1rio (CCM) oferece Curso de Aprimoramento em L\u00edngua Portuguesa. <\/p>\n<p>A forma\u00e7\u00e3o \u00e9 destinada a mission\u00e1rias e mission\u00e1rios que j\u00e1 falam portugu\u00eas e vivem no pa\u00eds. Para iniciantes \u00e9 proposto outro curso b\u00e1sico ministrado pelo Centro de Forma\u00e7\u00e3o Intercultural (Cenfi). <\/p>\n<p>O Curso de Aprimoramento ocorrer\u00e1 de 3 a 29 de julho, na sede do CCM, em Bras\u00edlia. \u00c9 cobrada taxa de participa\u00e7\u00e3o, que inclui material did\u00e1tico do curso, hospedagem e alimenta\u00e7\u00e3o. <\/p>\n<p>De acordo com a coordena\u00e7\u00e3o, o estudo e aprendizagem das l\u00ednguas s\u00e3o tarefas fundamentais para o mission\u00e1rio. \u201cTrata-se de um processo de prim\u00e1ria acultura\u00e7\u00e3o e requer for\u00e7a de vontade para uma imers\u00e3o na cultura e na realidade de um povo. Sem d\u00favida, falar bem a l\u00edngua do povo \u00e9 condi\u00e7\u00e3o indispens\u00e1vel para qualquer a\u00e7\u00e3o evangelizadora, na qual a palavra se torna ve\u00edculo essencial para falar ao cora\u00e7\u00e3o\u201d.\u00a0 <\/p>\n<p>A forma\u00e7\u00e3o \u00e9 dividida em quatro habilidades, sendo a compreens\u00e3o auditiva, produ\u00e7\u00e3o oral, compreens\u00e3o textual e produ\u00e7\u00e3o escrita. Durante o curso, haver\u00e1, ainda, tardes culturais e pastorais sobre a realidade brasileira, com oportunidade para debates, esclarecimentos, intera\u00e7\u00f5es e aprofundamento.<\/p>\n<p>Inscri\u00e7\u00f5es pelo site: www.ccm.org.br\/inscricao-aprimoramento<\/p>\n<p style=\"text-align: justify;\">Fonte: CNBB<\/p>\n","protected":false},"excerpt":{"rendered":"<p>O curso come\u00e7ar\u00e1 no dia 3 de julho e inclui programa\u00e7\u00e3o cultural e pastoral Com objetivo de contribuir com a viv\u00eancia e inser\u00e7\u00e3o de mission\u00e1rios estrangeiros no Brasil, o Centro Cultural Mission\u00e1rio (CCM) oferece Curso de Aprimoramento em L\u00edngua Portuguesa. A forma\u00e7\u00e3o \u00e9 destinada a mission\u00e1rias e mission\u00e1rios que j\u00e1 falam portugu\u00eas e vivem no [&hellip;]<\/p>\n","protected":false},"author":1,"featured_media":0,"comment_status":"open","ping_status":"open","sticky":false,"template":"","format":"standard","meta":{"footnotes":""},"categories":[7],"tags":[],"class_list":["post-14271","post","type-post","status-publish","format-standard","hentry","category-cnbb"],"_links":{"self":[{"href":"https:\/\/catolicanet.net\/wp-cnet\/wp-json\/wp\/v2\/posts\/14271","targetHints":{"allow":["GET"]}}],"collection":[{"href":"https:\/\/catolicanet.net\/wp-cnet\/wp-json\/wp\/v2\/posts"}],"about":[{"href":"https:\/\/catolicanet.net\/wp-cnet\/wp-json\/wp\/v2\/types\/post"}],"author":[{"embeddable":true,"href":"https:\/\/catolicanet.net\/wp-cnet\/wp-json\/wp\/v2\/users\/1"}],"replies":[{"embeddable":true,"href":"https:\/\/catolicanet.net\/wp-cnet\/wp-json\/wp\/v2\/comments?post=14271"}],"version-history":[{"count":1,"href":"https:\/\/catolicanet.net\/wp-cnet\/wp-json\/wp\/v2\/posts\/14271\/revisions"}],"predecessor-version":[{"id":23746,"href":"https:\/\/catolicanet.net\/wp-cnet\/wp-json\/wp\/v2\/posts\/14271\/revisions\/23746"}],"wp:attachment":[{"href":"https:\/\/catolicanet.net\/wp-cnet\/wp-json\/wp\/v2\/media?parent=14271"}],"wp:term":[{"taxonomy":"category","embeddable":true,"href":"https:\/\/catolicanet.net\/wp-cnet\/wp-json\/wp\/v2\/categories?post=14271"},{"taxonomy":"post_tag","embeddable":true,"href":"https:\/\/catolicanet.net\/wp-cnet\/wp-json\/wp\/v2\/tags?post=14271"}],"curies":[{"name":"wp","href":"https:\/\/api.w.org\/{rel}","templated":true}]}}