{"id":14257,"date":"2016-04-20T16:44:56","date_gmt":"2016-04-20T19:44:56","guid":{"rendered":"http:\/\/catolicanet.net\/wp-cnet\/2016\/04\/20\/canadenses-nao-devem-legalizar-o-suicidio-assistido-diz-cardeal\/"},"modified":"2017-05-31T11:03:00","modified_gmt":"2017-05-31T14:03:00","slug":"canadenses-nao-devem-legalizar-o-suicidio-assistido-diz-cardeal","status":"publish","type":"post","link":"https:\/\/catolicanet.net\/wp-cnet\/canadenses-nao-devem-legalizar-o-suicidio-assistido-diz-cardeal\/","title":{"rendered":"Canadenses n\u00e3o devem legalizar o suic\u00eddio assistido, diz Cardeal"},"content":{"rendered":"<p style=\"text-align: justify;\"><img decoding=\"async\" src=\"http:\/\/catolicanet.com.br\/images\/stories\/geral\/medicacion_flickrashleyrrosecc_by_nc_nd_20.jpg\" border=\"0\" align=\"left\" \/>Na quinta-feira, 14 de abril, o governo canadense introduziu uma legisla\u00e7\u00e3o para aprovar o suic\u00eddio assistido e a eutan\u00e1sia sob o c\u00f3digo penal federal.<\/p>\n<p>\u201cTodos estamos profundamente preocupados porque este \u00e9 um dia triste para o Canad\u00e1\u201d disse ao Grupo ACI o Arcebispo de Toronto, Cardeal Timothy Collins.<\/p>\n<p>\u201cA legaliza\u00e7\u00e3o do suic\u00eddio assistido, perto de ser aprovada no Canad\u00e1, colocar\u00e1 em perigo os vulner\u00e1veis, ocultar\u00e1 o assassinato com eufemismos e amea\u00e7ar\u00e1 a consci\u00eancia daqueles que se op\u00f5em\u201d, acrescentou o Purpurado.<\/p>\n<p>Al\u00e9m disso, afirmou que, no momento, as pessoas veem o suic\u00eddio assistido como uma \u201csolu\u00e7\u00e3o simples\u201d, mas assegurou que, quando considerarem o que essas pr\u00e1ticas realmente significam para a sociedade, \u201cv\u00e3o se dar conta de que n\u00e3o \u00e9 o caminho a seguir\u201d.<\/p>\n<p>\u201cAs pessoas mais envolvidas em ajudar aqueles que est\u00e3o agonizando em uma cama s\u00e3o os que mais se op\u00f5em a p\u00f4r um fim \u00e0s suas vidas&#8221;, disse o Cardeal Collins.<\/p>\n<p>A nova legisla\u00e7\u00e3o tem sido sugerida por uma decis\u00e3o do Supremo Tribunal do Canad\u00e1 de fevereiro de 2015. A resolu\u00e7\u00e3o afirma que os m\u00e9dicos podem ajudar os pacientes com dor grave e incur\u00e1vel a terminar com a pr\u00f3pria vida, e ordenou o Parlamento a criar uma resposta legislativa.<\/p>\n<p>\u201cEssa \u00e9 a raiz do problema\u201d, disse o Cardeal Collins e descreveu a decis\u00e3o do tribunal como \u201clamentavelmente un\u00e2nime\u201d.<\/p>\n<p>\u201cO passo fundamental na implementa\u00e7\u00e3o da eutan\u00e1sia ou do suic\u00eddio assistido \u00e9 em si preocupante\u201d, acrescentou.<\/p>\n<p>Anteriormente, segundo a lei canadense, a pessoa que aconselhava, ajudava ou incitava o suic\u00eddio poderia ir para a pris\u00e3o por at\u00e9 14 anos.<\/p>\n<p>O Cardeal explicou que a lei proibiu o fornecimento de \u201csubst\u00e2ncias nocivas\u201d \u00e0s pessoas. \u201cAgora \u00e9 poss\u00edvel que a administra\u00e7\u00e3o de uma subst\u00e2ncia deste tipo seja considerada uma forma de cuidados de sa\u00fade. Onde chegamos?\u201d, questionou.<\/p>\n<p>Da mesma forma, criticou o uso da express\u00e3o \u201ccuidados de sa\u00fade para a morte\u201d, a qual verdadeiramente significa \u201cdispor de uma subst\u00e2ncia e injet\u00e1-la em uma pessoa, provocando sua morte\u201d.<\/p>\n<p>\u201cIsso n\u00e3o se chama morrer. A palavra para isso \u00e9 &#8216;matar&#8217;. N\u00e3o saber a diferen\u00e7a entre morrer e matar \u00e9 assombroso\u201d, sentenciou.<\/p>\n<p>Ele tamb\u00e9m advertiu sobre os eufemismos que s\u00e3o \u201cc\u00f4modos, agrad\u00e1veis e d\u00f3ceis, mas que n\u00e3o descrevem o que est\u00e1 acontecendo\u201d.<\/p>\n<p>O Cardeal disse que os cat\u00f3licos deveriam incentivar a que se ofere\u00e7am cuidados paliativos a quem tem dores severas e aos doentes terminais. \u201cIsso e n\u00e3o suic\u00eddio \u00e9, certamente, assist\u00eancia m\u00e9dica\u201d, sustentou.<\/p>\n<p>O Cardeal Collins disse que o governo tamb\u00e9m tem a obriga\u00e7\u00e3o de fornecer cuidados paliativos se estabelecer um regime legal para a eutan\u00e1sia. \u201cEssa \u00e9 uma maneira positiva de lidar com este problema real\u201d, declarou.<\/p>\n<p>Al\u00e9m disso, enfatizou a necessidade de proteger a obje\u00e7\u00e3o de consci\u00eancia para defender as pessoas \u201ccomprometidas com a cura e n\u00e3o com o assassinato\u201d. Disse que os indiv\u00edduos e institui\u00e7\u00f5es certamente ser\u00e3o pressionados a participar de suic\u00eddio assistido ou eutan\u00e1sia.<\/p>\n<p>\u201cQue prote\u00e7\u00f5es est\u00e3o sendo oferecidas? N\u00e3o h\u00e1 prote\u00e7\u00f5es que se ofere\u00e7am neste projeto de lei\u201d, advertiu.<\/p>\n<p>Os partid\u00e1rios do projeto de lei dizem que 10 prov\u00edncias canadenses e tr\u00eas territ\u00f3rios proporcionar\u00e3o essas prote\u00e7\u00f5es.<\/p>\n<p>\u201cPara todos no Canad\u00e1, est\u00e3o fazendo aceit\u00e1vel proporcionar uma subst\u00e2ncia nociva a qualquer pessoa. Mas, n\u00e3o est\u00e3o proporcionando a mesma prote\u00e7\u00e3o em todo o pa\u00eds para a consci\u00eancia das pessoas\u201d, assinalou.<\/p>\n<p>Disse que, neste \u201cmundo frio de eutan\u00e1sia\u201d, deve ter \u201clugares onde se pode estar seguro\u201d. Tamb\u00e9m expressou preocupa\u00e7\u00e3o com as press\u00f5es sobre as pessoas mais velhas para que \u201cse apressem\u201d e morram.<\/p>\n<p>\u201cEm um momento em que nossa prioridade deve ser o fomento de uma cultura do amor e uma melhora dos recursos para os que sofrem e enfrentam a morte, suic\u00eddio assistido nos leva por um caminho escuro\u201d, sublinhou o Cardeal Collins.<\/p>\n<p>Por fim, assinalou que a ora\u00e7\u00e3o Ave Maria termina com a frase \u201cagora e na hora de nossa morte\u201d. \u201cNos pr\u00f3ximos dias, esta reflex\u00e3o pode nos guiar em um esp\u00edrito de amor, miseric\u00f3rdia e compaix\u00e3o, para acompanhar aqueles que sofrem\u201d, concluiu.<\/p>\n<p style=\"text-align: justify;\">Fonte: Acidigital<\/p>\n<p style=\"text-align: justify;\">\u00a0<\/p>\n","protected":false},"excerpt":{"rendered":"<p>Na quinta-feira, 14 de abril, o governo canadense introduziu uma legisla\u00e7\u00e3o para aprovar o suic\u00eddio assistido e a eutan\u00e1sia sob o c\u00f3digo penal federal. \u201cTodos estamos profundamente preocupados porque este \u00e9 um dia triste para o Canad\u00e1\u201d disse ao Grupo ACI o Arcebispo de Toronto, Cardeal Timothy Collins. \u201cA legaliza\u00e7\u00e3o do suic\u00eddio assistido, perto de [&hellip;]<\/p>\n","protected":false},"author":1,"featured_media":0,"comment_status":"open","ping_status":"open","sticky":false,"template":"","format":"standard","meta":{"footnotes":""},"categories":[4],"tags":[],"class_list":["post-14257","post","type-post","status-publish","format-standard","hentry","category-cotidiano"],"_links":{"self":[{"href":"https:\/\/catolicanet.net\/wp-cnet\/wp-json\/wp\/v2\/posts\/14257","targetHints":{"allow":["GET"]}}],"collection":[{"href":"https:\/\/catolicanet.net\/wp-cnet\/wp-json\/wp\/v2\/posts"}],"about":[{"href":"https:\/\/catolicanet.net\/wp-cnet\/wp-json\/wp\/v2\/types\/post"}],"author":[{"embeddable":true,"href":"https:\/\/catolicanet.net\/wp-cnet\/wp-json\/wp\/v2\/users\/1"}],"replies":[{"embeddable":true,"href":"https:\/\/catolicanet.net\/wp-cnet\/wp-json\/wp\/v2\/comments?post=14257"}],"version-history":[{"count":1,"href":"https:\/\/catolicanet.net\/wp-cnet\/wp-json\/wp\/v2\/posts\/14257\/revisions"}],"predecessor-version":[{"id":26128,"href":"https:\/\/catolicanet.net\/wp-cnet\/wp-json\/wp\/v2\/posts\/14257\/revisions\/26128"}],"wp:attachment":[{"href":"https:\/\/catolicanet.net\/wp-cnet\/wp-json\/wp\/v2\/media?parent=14257"}],"wp:term":[{"taxonomy":"category","embeddable":true,"href":"https:\/\/catolicanet.net\/wp-cnet\/wp-json\/wp\/v2\/categories?post=14257"},{"taxonomy":"post_tag","embeddable":true,"href":"https:\/\/catolicanet.net\/wp-cnet\/wp-json\/wp\/v2\/tags?post=14257"}],"curies":[{"name":"wp","href":"https:\/\/api.w.org\/{rel}","templated":true}]}}