{"id":14256,"date":"2016-04-20T16:37:51","date_gmt":"2016-04-20T19:37:51","guid":{"rendered":"http:\/\/catolicanet.net\/wp-cnet\/2016\/04\/20\/novo-milagre-eucaristico-na-polonia\/"},"modified":"2017-05-31T11:03:01","modified_gmt":"2017-05-31T14:03:01","slug":"novo-milagre-eucaristico-na-polonia","status":"publish","type":"post","link":"https:\/\/catolicanet.net\/wp-cnet\/novo-milagre-eucaristico-na-polonia\/","title":{"rendered":"Novo milagre eucar\u00edstico na Pol\u00f4nia"},"content":{"rendered":"<p style=\"text-align: justify;\"><img decoding=\"async\" src=\"http:\/\/catolicanet.com.br\/images\/stories\/geral\/milagroeucaristicopo.jpg\" border=\"0\" align=\"left\" \/>O Bispo de Legnica (Pol\u00f4nia), Dom Zbigniew Kiernikowski, aprovou no dia 17 de abril a venera\u00e7\u00e3o de uma h\u00f3stia que sangra, a qual \u201ctem as caracter\u00edsticas distintivas de um milagre eucar\u00edstico\u201d.<\/p>\n<p>No Natal de 2013, uma h\u00f3stia consagrada caiu no ch\u00e3o na par\u00f3quia polonesa de Saint Jack, recordou o Bispo em um comunicado, e depois de ser recolhida foi colocada em um recipiente com \u00e1gua.<\/p>\n<p>Pouco depois, apareceram manchas vermelhas na Eucaristia.<\/p>\n<p>Dom Stefan Cichy, ent\u00e3o Bispo de Legnica, criou uma comiss\u00e3o para analisar a h\u00f3stia. Em fevereiro de 2014, um pequeno fragmento foi colocado sobre um corporal e passou por provas de v\u00e1rios institutos.<\/p>\n<p>O comunicado m\u00e9dico final do Departamento de Medicina Forense analisou que \u201cna imagem histopatol\u00f3gica, encontrou que os fragmentos cont\u00eam partes fragmentadas do m\u00fasculo estriado transversal. \u00c9 mais semelhante ao m\u00fasculo do cora\u00e7\u00e3o\u201d.<\/p>\n<p>As provas tamb\u00e9m determinaram que o tecido era de origem humana e acharam que apresentava sinais de sofrimento.<\/p>\n<p>Dom Kiernikowski indicou que em janeiro deste ano apresentou este caso \u00e0 Congrega\u00e7\u00e3o para a Doutrina da F\u00e9 do Vaticano.<\/p>\n<p>Em abril, de acordo com as recomenda\u00e7\u00f5es da Santa S\u00e9, o Prelado pediu ao p\u00e1roco da par\u00f3quia de Saint Jack, Andrzej Ziombrze, para \u201cpreparar um lugar adequado para as Rel\u00edquias, de tal forma que os fi\u00e9is pudessem vener\u00e1-las\u201d.<\/p>\n<p style=\"text-align: justify;\">Fonte: Acidigital<\/p>\n","protected":false},"excerpt":{"rendered":"<p>O Bispo de Legnica (Pol\u00f4nia), Dom Zbigniew Kiernikowski, aprovou no dia 17 de abril a venera\u00e7\u00e3o de uma h\u00f3stia que sangra, a qual \u201ctem as caracter\u00edsticas distintivas de um milagre eucar\u00edstico\u201d. No Natal de 2013, uma h\u00f3stia consagrada caiu no ch\u00e3o na par\u00f3quia polonesa de Saint Jack, recordou o Bispo em um comunicado, e depois [&hellip;]<\/p>\n","protected":false},"author":1,"featured_media":0,"comment_status":"open","ping_status":"open","sticky":false,"template":"","format":"standard","meta":{"footnotes":""},"categories":[4],"tags":[],"class_list":["post-14256","post","type-post","status-publish","format-standard","hentry","category-cotidiano"],"_links":{"self":[{"href":"https:\/\/catolicanet.net\/wp-cnet\/wp-json\/wp\/v2\/posts\/14256","targetHints":{"allow":["GET"]}}],"collection":[{"href":"https:\/\/catolicanet.net\/wp-cnet\/wp-json\/wp\/v2\/posts"}],"about":[{"href":"https:\/\/catolicanet.net\/wp-cnet\/wp-json\/wp\/v2\/types\/post"}],"author":[{"embeddable":true,"href":"https:\/\/catolicanet.net\/wp-cnet\/wp-json\/wp\/v2\/users\/1"}],"replies":[{"embeddable":true,"href":"https:\/\/catolicanet.net\/wp-cnet\/wp-json\/wp\/v2\/comments?post=14256"}],"version-history":[{"count":1,"href":"https:\/\/catolicanet.net\/wp-cnet\/wp-json\/wp\/v2\/posts\/14256\/revisions"}],"predecessor-version":[{"id":26129,"href":"https:\/\/catolicanet.net\/wp-cnet\/wp-json\/wp\/v2\/posts\/14256\/revisions\/26129"}],"wp:attachment":[{"href":"https:\/\/catolicanet.net\/wp-cnet\/wp-json\/wp\/v2\/media?parent=14256"}],"wp:term":[{"taxonomy":"category","embeddable":true,"href":"https:\/\/catolicanet.net\/wp-cnet\/wp-json\/wp\/v2\/categories?post=14256"},{"taxonomy":"post_tag","embeddable":true,"href":"https:\/\/catolicanet.net\/wp-cnet\/wp-json\/wp\/v2\/tags?post=14256"}],"curies":[{"name":"wp","href":"https:\/\/api.w.org\/{rel}","templated":true}]}}